{"id":910,"date":"2013-02-18T22:17:36","date_gmt":"2013-02-18T21:17:36","guid":{"rendered":"http:\/\/olvasodelalfold.sk-szeged.hu\/?p=910"},"modified":"2013-03-04T16:48:34","modified_gmt":"2013-03-04T15:48:34","slug":"michael-ende-momo","status":"publish","type":"post","link":"http:\/\/olvasodelalfold.sk-szeged.hu\/?p=910","title":{"rendered":"Michael Ende: Momo"},"content":{"rendered":"<p><a href=\"http:\/\/olvasodelalfold.sk-szeged.hu\/wp-content\/uploads\/2013\/02\/ende_momo.jpg\"><img loading=\"lazy\" decoding=\"async\" class=\"alignleft  wp-image-911\" alt=\"ende_momo\" src=\"http:\/\/olvasodelalfold.sk-szeged.hu\/wp-content\/uploads\/2013\/02\/ende_momo.jpg\" width=\"210\" height=\"292\" srcset=\"http:\/\/olvasodelalfold.sk-szeged.hu\/wp-content\/uploads\/2013\/02\/ende_momo.jpg 300w, http:\/\/olvasodelalfold.sk-szeged.hu\/wp-content\/uploads\/2013\/02\/ende_momo-215x300.jpg 215w\" sizes=\"auto, (max-width: 210px) 100vw, 210px\" \/><\/a><\/p>\n<p>A <strong>M\u00e9g hogy mi nem olvasunk! <\/strong>6. oszt\u00e1lyosoknak sz\u00f3l\u00f3 programsorozat 2. foglalkoz\u00e1sa<\/p>\n<p>Michael Ende reg\u00e9ny\u00e9b\u0151l &#8222;megtudhatjuk, hogy \u00e9let\u00fcnk minden \u00f3r\u00e1ja egy r\u00f3zsa, ami kiny\u00edlik, majd egy \u00f3ra eltelt\u00e9vel elhervad. Vissza nem hozhat\u00f3&#8230; Az id\u0151nk fel\u0151l szabadon d\u00f6nthet\u00fcnk. Odaaj\u00e1nd\u00e9kozhatjuk szeretteinknek, mint ahogy azt a kalandos reg\u00e9ny f\u0151szerepl\u0151je is teszi, vagy az id\u0151nk rabj\u00e1v\u00e1 is v\u00e1lhatunk, amir\u0151l a k\u00f6nyv sz\u00f3l. Annyi bizonyos, sp\u00f3rolni nem \u00e9ri meg vele&#8230;&#8221; (lurkovilag.hu)<\/p>\n<p>A r\u00e9sztvev\u0151k r\u00e9szleteket hallgatnak meg \u00e9s olvasnak fel a reg\u00e9nyb\u0151l, majd besz\u00e9lgetnek arr\u00f3l, kinek mi jelenti a legt\u00f6bb \u00f6r\u00f6m\u00f6t abban, ha szabad id\u0151vel rendelkezik, \u00e9s hogyan szereti azt elt\u00f6lteni.<\/p>\n<p>El\u0151ad\u00f3: Juh\u00e1sz Orsolya<\/p>\n<blockquote>\n<ul>\n<li>\u00c1ltal\u00e1nos Iskola, Bal\u00e1stya<br \/>\n2013. febru\u00e1r 20.<\/li>\n<\/ul>\n<\/blockquote>\nngg_shortcode_0_placeholder\n<p>&nbsp;<\/p>\n<h3>Kapcsol\u00f3d\u00f3 k\u00e9pek:<\/h3>","protected":false},"excerpt":{"rendered":"<p>A M\u00e9g hogy mi nem olvasunk! 6. oszt\u00e1lyosoknak sz\u00f3l\u00f3 programsorozat 2. foglalkoz\u00e1sa Michael Ende reg\u00e9ny\u00e9b\u0151l &#8222;megtudhatjuk, hogy \u00e9let\u00fcnk minden \u00f3r\u00e1ja egy r\u00f3zsa, ami kiny\u00edlik, majd egy \u00f3ra eltelt\u00e9vel elhervad. Vissza nem hozhat\u00f3&#8230; Az id\u0151nk fel\u0151l szabadon d\u00f6nthet\u00fcnk. Odaaj\u00e1nd\u00e9kozhatjuk szeretteinknek, mint &hellip; <a href=\"http:\/\/olvasodelalfold.sk-szeged.hu\/?p=910\">Folytat\u00e1s <span class=\"meta-nav\">&rarr;<\/span><\/a><\/p>\n","protected":false},"author":2,"featured_media":0,"comment_status":"closed","ping_status":"open","sticky":false,"template":"","format":"standard","meta":{"ngg_post_thumbnail":0,"footnotes":""},"categories":[27,1,78,32],"tags":[112],"class_list":["post-910","post","type-post","status-publish","format-standard","hentry","category-balastya","category-egyeb","category-juhasz-orsolya","category-meg-hogy-mi-3-4-oszt","tag-michael-ende"],"_links":{"self":[{"href":"http:\/\/olvasodelalfold.sk-szeged.hu\/index.php?rest_route=\/wp\/v2\/posts\/910","targetHints":{"allow":["GET"]}}],"collection":[{"href":"http:\/\/olvasodelalfold.sk-szeged.hu\/index.php?rest_route=\/wp\/v2\/posts"}],"about":[{"href":"http:\/\/olvasodelalfold.sk-szeged.hu\/index.php?rest_route=\/wp\/v2\/types\/post"}],"author":[{"embeddable":true,"href":"http:\/\/olvasodelalfold.sk-szeged.hu\/index.php?rest_route=\/wp\/v2\/users\/2"}],"replies":[{"embeddable":true,"href":"http:\/\/olvasodelalfold.sk-szeged.hu\/index.php?rest_route=%2Fwp%2Fv2%2Fcomments&post=910"}],"version-history":[{"count":5,"href":"http:\/\/olvasodelalfold.sk-szeged.hu\/index.php?rest_route=\/wp\/v2\/posts\/910\/revisions"}],"predecessor-version":[{"id":913,"href":"http:\/\/olvasodelalfold.sk-szeged.hu\/index.php?rest_route=\/wp\/v2\/posts\/910\/revisions\/913"}],"wp:attachment":[{"href":"http:\/\/olvasodelalfold.sk-szeged.hu\/index.php?rest_route=%2Fwp%2Fv2%2Fmedia&parent=910"}],"wp:term":[{"taxonomy":"category","embeddable":true,"href":"http:\/\/olvasodelalfold.sk-szeged.hu\/index.php?rest_route=%2Fwp%2Fv2%2Fcategories&post=910"},{"taxonomy":"post_tag","embeddable":true,"href":"http:\/\/olvasodelalfold.sk-szeged.hu\/index.php?rest_route=%2Fwp%2Fv2%2Ftags&post=910"}],"curies":[{"name":"wp","href":"https:\/\/api.w.org\/{rel}","templated":true}]}}