{"id":717,"date":"2013-02-05T22:15:56","date_gmt":"2013-02-05T21:15:56","guid":{"rendered":"http:\/\/olvasodelalfold.sk-szeged.hu\/?p=717"},"modified":"2013-02-19T22:22:14","modified_gmt":"2013-02-19T21:22:14","slug":"ami-a-szivedet-nyomja-%e2%94%80-sved-gyerekversek-kiss-otto-csillagszedo-mario","status":"publish","type":"post","link":"http:\/\/olvasodelalfold.sk-szeged.hu\/?p=717","title":{"rendered":"Ami a sz\u00edvedet nyomja \u2500 sv\u00e9d gyerekversek; Kiss Ott\u00f3: Csillagszed\u0151 M\u00e1ri\u00f3"},"content":{"rendered":"<p><a href=\"http:\/\/olvasodelalfold.sk-szeged.hu\/wp-content\/uploads\/2013\/02\/szivedet_nyomja.jpg\"><img loading=\"lazy\" decoding=\"async\" class=\"alignleft  wp-image-718\" alt=\"szivedet_nyomja\" src=\"http:\/\/olvasodelalfold.sk-szeged.hu\/wp-content\/uploads\/2013\/02\/szivedet_nyomja.jpg\" width=\"173\" height=\"300\" srcset=\"http:\/\/olvasodelalfold.sk-szeged.hu\/wp-content\/uploads\/2013\/02\/szivedet_nyomja.jpg 260w, http:\/\/olvasodelalfold.sk-szeged.hu\/wp-content\/uploads\/2013\/02\/szivedet_nyomja-173x300.jpg 173w\" sizes=\"auto, (max-width: 173px) 100vw, 173px\" \/><\/a><a href=\"http:\/\/olvasodelalfold.sk-szeged.hu\/wp-content\/uploads\/2013\/02\/csillagszedo_mario.jpg\"><img loading=\"lazy\" decoding=\"async\" class=\" wp-image-719 alignright\" alt=\"csillagszedo_mario\" src=\"http:\/\/olvasodelalfold.sk-szeged.hu\/wp-content\/uploads\/2013\/02\/csillagszedo_mario.jpg\" width=\"173\" height=\"300\" srcset=\"http:\/\/olvasodelalfold.sk-szeged.hu\/wp-content\/uploads\/2013\/02\/csillagszedo_mario.jpg 260w, http:\/\/olvasodelalfold.sk-szeged.hu\/wp-content\/uploads\/2013\/02\/csillagszedo_mario-173x300.jpg 173w\" sizes=\"auto, (max-width: 173px) 100vw, 173px\" \/><\/a><\/p>\n<p>A <strong>M\u00e9g hogy mi nem olvasunk! <\/strong>6. oszt\u00e1lyosoknak sz\u00f3l\u00f3 programsorozat 1. foglalkoz\u00e1sa<\/p>\n<p>A sv\u00e9d gyerekversek r\u00edmtelen szabadversek, amelyek a kiskamaszkor fesz\u00edt\u0151 vagy vid\u00e1m, de mindenk\u00e9pp mindennapi gondolatait vetik fel. A magyar gyermekvers egyik legnagyobb er\u00e9nye \u2013 We\u00f6res S\u00e1ndor k\u00f6lt\u00e9szet\u00e9b\u0151l kiindulva \u2013 a ritmus, a k\u00f6lt\u00e9szet j\u00e1t\u00e9kk\u00e9nt val\u00f3 megjelen\u00e9se. Mivel a gyermekek ezeken a v\u00e1ltozatos ritmik\u00e1j\u00fa, pazar r\u00edmekben tobz\u00f3d\u00f3 verseken n\u0151nek fel, az \u00fajdons\u00e1g erej\u00e9vel hat egy m\u00e1sfajta versnyelv megismer\u00e9se. A foglalkoz\u00e1s egyik c\u00e9lja ennek a versnyelvnek a megismertet\u00e9se, megszerettet\u00e9se.<\/p>\n<p><a href=\"http:\/\/www.pim.hu\/object.B458BF70-A452-411E-9DE3-3417558D819E.ivy\" target=\"_blank\">Kiss Ott\u00f3: Csillagszed\u0151 M\u00e1ri\u00f3<\/a> \u2013 Az ut\u00f3bbi \u00e9vek magyar gyermekk\u00f6lt\u00e9szet\u00e9nek kiemelked\u0151 alkot\u00e1sa 2002-ben elnyerte az \u00c9v k\u00f6nyve-d\u00edjat, sz\u00e1mos feldolgoz\u00e1sa sz\u00fcletett \u00e9s t\u00f6bb nyelvre is leford\u00edtott\u00e1k.<\/p>\n<blockquote>\n<ul>\n<li>\u00c1ltal\u00e1nos Iskola, Bal\u00e1stya<br \/>\n2013. febru\u00e1r 13.<\/li>\n<\/ul>\n<\/blockquote>\nngg_shortcode_0_placeholder\n<p>&nbsp;<\/p>\n<h3>Kapcsol\u00f3d\u00f3 k\u00e9pek:<\/h3>","protected":false},"excerpt":{"rendered":"<p>A M\u00e9g hogy mi nem olvasunk! 6. oszt\u00e1lyosoknak sz\u00f3l\u00f3 programsorozat 1. foglalkoz\u00e1sa A sv\u00e9d gyerekversek r\u00edmtelen szabadversek, amelyek a kiskamaszkor fesz\u00edt\u0151 vagy vid\u00e1m, de mindenk\u00e9pp mindennapi gondolatait vetik fel. A magyar gyermekvers egyik legnagyobb er\u00e9nye \u2013 We\u00f6res S\u00e1ndor k\u00f6lt\u00e9szet\u00e9b\u0151l kiindulva &hellip; <a href=\"http:\/\/olvasodelalfold.sk-szeged.hu\/?p=717\">Folytat\u00e1s <span class=\"meta-nav\">&rarr;<\/span><\/a><\/p>\n","protected":false},"author":2,"featured_media":0,"comment_status":"closed","ping_status":"open","sticky":false,"template":"","format":"standard","meta":{"ngg_post_thumbnail":0,"footnotes":""},"categories":[27,78,32],"tags":[100],"class_list":["post-717","post","type-post","status-publish","format-standard","hentry","category-balastya","category-juhasz-orsolya","category-meg-hogy-mi-3-4-oszt","tag-kiss-otto"],"_links":{"self":[{"href":"http:\/\/olvasodelalfold.sk-szeged.hu\/index.php?rest_route=\/wp\/v2\/posts\/717","targetHints":{"allow":["GET"]}}],"collection":[{"href":"http:\/\/olvasodelalfold.sk-szeged.hu\/index.php?rest_route=\/wp\/v2\/posts"}],"about":[{"href":"http:\/\/olvasodelalfold.sk-szeged.hu\/index.php?rest_route=\/wp\/v2\/types\/post"}],"author":[{"embeddable":true,"href":"http:\/\/olvasodelalfold.sk-szeged.hu\/index.php?rest_route=\/wp\/v2\/users\/2"}],"replies":[{"embeddable":true,"href":"http:\/\/olvasodelalfold.sk-szeged.hu\/index.php?rest_route=%2Fwp%2Fv2%2Fcomments&post=717"}],"version-history":[{"count":5,"href":"http:\/\/olvasodelalfold.sk-szeged.hu\/index.php?rest_route=\/wp\/v2\/posts\/717\/revisions"}],"predecessor-version":[{"id":721,"href":"http:\/\/olvasodelalfold.sk-szeged.hu\/index.php?rest_route=\/wp\/v2\/posts\/717\/revisions\/721"}],"wp:attachment":[{"href":"http:\/\/olvasodelalfold.sk-szeged.hu\/index.php?rest_route=%2Fwp%2Fv2%2Fmedia&parent=717"}],"wp:term":[{"taxonomy":"category","embeddable":true,"href":"http:\/\/olvasodelalfold.sk-szeged.hu\/index.php?rest_route=%2Fwp%2Fv2%2Fcategories&post=717"},{"taxonomy":"post_tag","embeddable":true,"href":"http:\/\/olvasodelalfold.sk-szeged.hu\/index.php?rest_route=%2Fwp%2Fv2%2Ftags&post=717"}],"curies":[{"name":"wp","href":"https:\/\/api.w.org\/{rel}","templated":true}]}}