{"id":461,"date":"2013-01-28T17:20:31","date_gmt":"2013-01-28T16:20:31","guid":{"rendered":"http:\/\/olvasodelalfold.sk-szeged.hu\/?p=461"},"modified":"2013-02-25T22:05:32","modified_gmt":"2013-02-25T21:05:32","slug":"korunk-noje-hazastars-munkatars-vetelytars","status":"publish","type":"post","link":"http:\/\/olvasodelalfold.sk-szeged.hu\/?p=461","title":{"rendered":"Korunk n\u0151je: h\u00e1zast\u00e1rs, munkat\u00e1rs, vet\u00e9lyt\u00e1rs"},"content":{"rendered":"<p><a href=\"http:\/\/olvasodelalfold.sk-szeged.hu\/?attachment_id=462\" rel=\"attachment wp-att-462\"><img loading=\"lazy\" decoding=\"async\" class=\"alignleft size-full wp-image-462\" alt=\"kaffka_margit\" src=\"http:\/\/olvasodelalfold.sk-szeged.hu\/wp-content\/uploads\/2013\/01\/kaffka_margit.jpg\" width=\"184\" height=\"248\" \/><\/a><strong><br \/>\n\u201eA n\u0151 ezer arca\u201d<\/strong> programsorozat 3. tal\u00e1lkoz\u00f3j\u00e1nak t\u00e9m\u00e1ja a h\u00e1zass\u00e1g, a n\u0151 \u00e9s a munkav\u00e1llal\u00e1s, a csal\u00e1d \u00e9s munka egyens\u00falya.<\/p>\n<p>Csoportfoglalkoz\u00e1s \u00e9s besz\u00e9lget\u00e9s Kaffka Margit: Sz\u00ednek \u00e9s \u00e9vek c\u00edm\u0171 reg\u00e9nye alapj\u00e1n<\/p>\n<p>Megh\u00edvott vend\u00e9g:<strong> Cs\u00e1nyi Krisztina<\/strong> emberi er\u0151forr\u00e1s tan\u00e1csad\u00f3, karrier szak\u00e9rt\u0151<\/p>\n<p>A besz\u00e9lget\u00e9st Csizmadia Edit k\u00f6nyvt\u00e1ros, dr\u00e1mapedag\u00f3gus (Somogyi-k\u00f6nyvt\u00e1r) vezeti.<\/p>\n<p><strong>Kaffka Margit<\/strong> reg\u00e9ny\u00e9nek h\u0151sn\u0151je egyszerre p\u00e9ld\u00e1zza a t\u00e1rsadalmi k\u00f6t\u00f6tts\u00e9gekben \u00e9l\u0151 \u00e9s az abb\u00f3l kit\u00f6rni v\u00e1gy\u00f3 asszony k\u00fczdelm\u00e9t. A XX. sz\u00e1zad elej\u00e9n meglazultak a t\u00e1rsadalmi \u00e9s csal\u00e1di kapcsolatok, elindul az emancip\u00e1l\u00f3d\u00e1s folyamata, m\u00edgnem megsz\u00fcletik a modern n\u0151: aki \u2013 Ady szavaival \u00e9lve \u2013 m\u00e1r nemcsak asszony, hanem \u201easszonyember\u201d.<\/p>\n<p><i>\u201eAz ember j\u00f3l-rosszul m\u00e9giscsak v\u00e9gigj\u00e1tssza a maga v\u00e1llalta szerepeket mind sorj\u00e1ban. Csakhogy nem, mint a sz\u00ednpadi, csin\u00e1lt t\u00f6rt\u00e9netekben, egy f\u0151 szem\u00e9ly sz\u00e1nd\u00e9ka ut\u00e1n igazodik\u00a0a t\u00f6bbiek\u00e9; a val\u00f3s\u00e1gban mindenki k\u00fcl\u00f6n f\u0151 szem\u00e9ly \u00f6nmag\u00e1nak, \u00e9s senki sem v\u00e1llal mell\u00e9kes szerepet; mag\u00e1\u00e9rt mag\u00e1nak j\u00e1tszik. Ebb\u0151l t\u00e1mad a sokf\u00e9le \u00e9s v\u00e9letlen bonyol\u00f3d\u00e1s, ami mindny\u00e1junkat v\u00e9gtelen \u00e9rdekel, am\u00edg benne vagyunk. Ki kit szeret, kit vesz el, mire neveli a gyereket, milyen hely\u00e9rt verekszik a vil\u00e1gban, \u00e9s hogy d\u0151l ki. Mikor azt\u00e1n v\u00e9gigcsin\u00e1lta az ember, ami t\u0151le telt, s amit az \u00e9let\u00e9vel \u00e1ltal\u00e1ban csin\u00e1lni lehetett, akkor megnyugodhat, ha van m\u00e9g egy kis r\u00e1\u00e9r\u0151 p\u00e1r esztendeje.\u201d<\/i> (R\u00e9szlet Kaffka Margit Sz\u00ednek \u00e9s \u00e9vek c. reg\u00e9ny\u00e9b\u0151l)<\/p>\n<p><b>Aj\u00e1nl\u00f3:<br \/>\n<\/b><a href=\"http:\/\/mek.oszk.hu\/02000\/02028\/02028.htm\" target=\"_blank\">Kaffka Margit Sz\u00ednek \u00e9s \u00e9vek c\u00edm\u0171 reg\u00e9nye a Magyar Elektronikus K\u00f6nyvt\u00e1rban<\/a><\/p>\n<blockquote>\n<ul>\n<li>M\u00f3ra Ferenc M\u0171vel\u0151d\u00e9si H\u00e1z \u00e9s K\u00f6nyvt\u00e1r (Ruzsa)<br \/>\n2013. febru\u00e1r 5.<\/li>\n<\/ul>\n<\/blockquote>\nngg_shortcode_0_placeholder\n<p>&nbsp;<\/p>\n<blockquote>\n<ul>\n<li>Z\u00e1k\u00e1nysz\u00e9ki M\u0171vel\u0151d\u00e9si H\u00e1z \u00e9s K\u00f6nyvt\u00e1r<br \/>\n2013. febru\u00e1r 21.<\/li>\n<\/ul>\n<\/blockquote>\nngg_shortcode_1_placeholder\n<p>&nbsp;<\/p>\n<h3>Kapcsol\u00f3d\u00f3 k\u00e9pek:<\/h3>","protected":false},"excerpt":{"rendered":"<p>\u201eA n\u0151 ezer arca\u201d programsorozat 3. tal\u00e1lkoz\u00f3j\u00e1nak t\u00e9m\u00e1ja a h\u00e1zass\u00e1g, a n\u0151 \u00e9s a munkav\u00e1llal\u00e1s, a csal\u00e1d \u00e9s munka egyens\u00falya. Csoportfoglalkoz\u00e1s \u00e9s besz\u00e9lget\u00e9s Kaffka Margit: Sz\u00ednek \u00e9s \u00e9vek c\u00edm\u0171 reg\u00e9nye alapj\u00e1n Megh\u00edvott vend\u00e9g: Cs\u00e1nyi Krisztina emberi er\u0151forr\u00e1s tan\u00e1csad\u00f3, karrier szak\u00e9rt\u0151 &hellip; <a href=\"http:\/\/olvasodelalfold.sk-szeged.hu\/?p=461\">Folytat\u00e1s <span class=\"meta-nav\">&rarr;<\/span><\/a><\/p>\n","protected":false},"author":2,"featured_media":0,"comment_status":"closed","ping_status":"open","sticky":false,"template":"","format":"standard","meta":{"ngg_post_thumbnail":0,"footnotes":""},"categories":[9,86,10,11,12],"tags":[85],"class_list":["post-461","post","type-post","status-publish","format-standard","hentry","category-a-no-ezer-arca","category-csanyi-krisztina","category-csizmadia-edit","category-ruzsa","category-zakanyszek","tag-kaffka-margit"],"_links":{"self":[{"href":"http:\/\/olvasodelalfold.sk-szeged.hu\/index.php?rest_route=\/wp\/v2\/posts\/461","targetHints":{"allow":["GET"]}}],"collection":[{"href":"http:\/\/olvasodelalfold.sk-szeged.hu\/index.php?rest_route=\/wp\/v2\/posts"}],"about":[{"href":"http:\/\/olvasodelalfold.sk-szeged.hu\/index.php?rest_route=\/wp\/v2\/types\/post"}],"author":[{"embeddable":true,"href":"http:\/\/olvasodelalfold.sk-szeged.hu\/index.php?rest_route=\/wp\/v2\/users\/2"}],"replies":[{"embeddable":true,"href":"http:\/\/olvasodelalfold.sk-szeged.hu\/index.php?rest_route=%2Fwp%2Fv2%2Fcomments&post=461"}],"version-history":[{"count":14,"href":"http:\/\/olvasodelalfold.sk-szeged.hu\/index.php?rest_route=\/wp\/v2\/posts\/461\/revisions"}],"predecessor-version":[{"id":465,"href":"http:\/\/olvasodelalfold.sk-szeged.hu\/index.php?rest_route=\/wp\/v2\/posts\/461\/revisions\/465"}],"wp:attachment":[{"href":"http:\/\/olvasodelalfold.sk-szeged.hu\/index.php?rest_route=%2Fwp%2Fv2%2Fmedia&parent=461"}],"wp:term":[{"taxonomy":"category","embeddable":true,"href":"http:\/\/olvasodelalfold.sk-szeged.hu\/index.php?rest_route=%2Fwp%2Fv2%2Fcategories&post=461"},{"taxonomy":"post_tag","embeddable":true,"href":"http:\/\/olvasodelalfold.sk-szeged.hu\/index.php?rest_route=%2Fwp%2Fv2%2Ftags&post=461"}],"curies":[{"name":"wp","href":"https:\/\/api.w.org\/{rel}","templated":true}]}}