{"id":2858,"date":"2019-09-17T10:30:21","date_gmt":"2019-09-17T08:30:21","guid":{"rendered":"http:\/\/olvasodelalfold.sk-szeged.hu\/?p=2858"},"modified":"2021-04-10T21:57:26","modified_gmt":"2021-04-10T19:57:26","slug":"jill-santopolo-a-feny-amit-elvesztettunk-konyvajanlo","status":"publish","type":"post","link":"http:\/\/olvasodelalfold.sk-szeged.hu\/?p=2858","title":{"rendered":"Jill Santopolo: A f\u00e9ny, amit elvesztett\u00fcnk \u2013 k\u00f6nyvaj\u00e1nl\u00f3"},"content":{"rendered":"<p><a href=\"http:\/\/olvasodelalfold.sk-szeged.hu\/?attachment_id=2860\" rel=\"attachment wp-att-2709\"><img loading=\"lazy\" decoding=\"async\" class=\"alignleft wp-image-2860\" src=\"http:\/\/olvasodelalfold.sk-szeged.hu\/wp-content\/uploads\/2019\/10\/feny_amit_elvesztettunk.jpg\" alt=\"\" width=\"250\" height=\"421\" srcset=\"http:\/\/olvasodelalfold.sk-szeged.hu\/wp-content\/uploads\/2019\/10\/feny_amit_elvesztettunk.jpg 400w, http:\/\/olvasodelalfold.sk-szeged.hu\/wp-content\/uploads\/2019\/10\/feny_amit_elvesztettunk-178x300.jpg 178w\" sizes=\"auto, (max-width: 250px) 100vw, 250px\" \/><\/a><\/p>\n<div id=\"tab1\" class=\"fullRow tabs\">\n<div class=\"mp_product_content\">\n<p>Lucy \u00e9s Gabe a terrort\u00e1mad\u00e1s napj\u00e1n, 2001. szeptember 11-\u00e9n ismerkednek meg New York-ban, ahol v\u00e9gz\u0151s\u00f6k a Columbia Egyetemen. Az a nap mindkettej\u00fck \u00e9let\u00e9t \u00f6r\u00f6kre megv\u00e1ltoztatja. Mik\u00f6zben a v\u00e1ros l\u00e1ngokban \u00e1ll, \u0151k el\u0151sz\u00f6r cs\u00f3kolj\u00e1k meg egym\u00e1st. A k\u00f6vetkez\u0151 tizenh\u00e1rom \u00e9vben elszakadnak, majd megtal\u00e1lj\u00e1k egym\u00e1st, \u00fajra \u00e9s \u00fajra. Gabe fot\u00f3s-\u00fajs\u00e1g\u00edr\u00f3 a K\u00f6zel-Keleten, Lucyt ugyanakkor New York-hoz k\u00f6ti a munk\u00e1ja. \u00datjukon \u00e1lmok k\u00eds\u00e9rik \u0151ket, v\u00e1gyak, f\u00e9lt\u00e9kenys\u00e9g, megbocs\u00e1t\u00e1s \u00e9s mindenek felett szerelem.<br \/>\nLucynak pedig szembe kell n\u00e9znie a v\u00e9gzetes k\u00e9rd\u00e9ssel: szerelm\u00fck, k\u00f6z\u00f6s \u00e9let\u00fck a sors kez\u00e9ben van-e, vagy a saj\u00e1tjukban? (forr\u00e1s: 21. Sz\u00e1zad Kiad\u00f3)<\/p>\n<\/div>\n<\/div>\n<p>&nbsp;<br \/>\nOlvasnival\u00f3:<br \/>\n<a href=\"http:\/\/gaboolvas.blogspot.com\/2018\/03\/a-feny-amit-elvesztettunk.html\" target=\"_blank\" rel=\"noopener noreferrer\">A f\u00e9ny, amit elvesztett\u00fcnk<\/a> (Gab\u00f3 olvas)<br \/>\n<a href=\"https:\/\/olvasoterem.com\/blog\/2019\/01\/22\/jill-santopolo-a-feny-amit-elvesztettunk\/\" target=\"_blank\" rel=\"noopener noreferrer\">Jill Santopolo: A f\u00e9ny, amit elvesztett\u00fcnk<\/a> (Olvas\u00f3terem)<\/p>\n<h3>Kapcsol\u00f3d\u00f3 k\u00e9pek:<\/h3>","protected":false},"excerpt":{"rendered":"<p>Lucy \u00e9s Gabe a terrort\u00e1mad\u00e1s napj\u00e1n, 2001. szeptember 11-\u00e9n ismerkednek meg New York-ban, ahol v\u00e9gz\u0151s\u00f6k a Columbia Egyetemen. Az a nap mindkettej\u00fck \u00e9let\u00e9t \u00f6r\u00f6kre megv\u00e1ltoztatja. Mik\u00f6zben a v\u00e1ros l\u00e1ngokban \u00e1ll, \u0151k el\u0151sz\u00f6r cs\u00f3kolj\u00e1k meg egym\u00e1st. A k\u00f6vetkez\u0151 tizenh\u00e1rom \u00e9vben elszakadnak, &hellip; <a href=\"http:\/\/olvasodelalfold.sk-szeged.hu\/?p=2858\">Folytat\u00e1s <span class=\"meta-nav\">&rarr;<\/span><\/a><\/p>\n","protected":false},"author":2,"featured_media":0,"comment_status":"closed","ping_status":"open","sticky":false,"template":"","format":"standard","meta":{"ngg_post_thumbnail":0,"footnotes":""},"categories":[83],"tags":[274],"class_list":["post-2858","post","type-post","status-publish","format-standard","hentry","category-felnotteknek","tag-jill-santopolo"],"_links":{"self":[{"href":"http:\/\/olvasodelalfold.sk-szeged.hu\/index.php?rest_route=\/wp\/v2\/posts\/2858","targetHints":{"allow":["GET"]}}],"collection":[{"href":"http:\/\/olvasodelalfold.sk-szeged.hu\/index.php?rest_route=\/wp\/v2\/posts"}],"about":[{"href":"http:\/\/olvasodelalfold.sk-szeged.hu\/index.php?rest_route=\/wp\/v2\/types\/post"}],"author":[{"embeddable":true,"href":"http:\/\/olvasodelalfold.sk-szeged.hu\/index.php?rest_route=\/wp\/v2\/users\/2"}],"replies":[{"embeddable":true,"href":"http:\/\/olvasodelalfold.sk-szeged.hu\/index.php?rest_route=%2Fwp%2Fv2%2Fcomments&post=2858"}],"version-history":[{"count":2,"href":"http:\/\/olvasodelalfold.sk-szeged.hu\/index.php?rest_route=\/wp\/v2\/posts\/2858\/revisions"}],"predecessor-version":[{"id":2862,"href":"http:\/\/olvasodelalfold.sk-szeged.hu\/index.php?rest_route=\/wp\/v2\/posts\/2858\/revisions\/2862"}],"wp:attachment":[{"href":"http:\/\/olvasodelalfold.sk-szeged.hu\/index.php?rest_route=%2Fwp%2Fv2%2Fmedia&parent=2858"}],"wp:term":[{"taxonomy":"category","embeddable":true,"href":"http:\/\/olvasodelalfold.sk-szeged.hu\/index.php?rest_route=%2Fwp%2Fv2%2Fcategories&post=2858"},{"taxonomy":"post_tag","embeddable":true,"href":"http:\/\/olvasodelalfold.sk-szeged.hu\/index.php?rest_route=%2Fwp%2Fv2%2Ftags&post=2858"}],"curies":[{"name":"wp","href":"https:\/\/api.w.org\/{rel}","templated":true}]}}