{"id":2549,"date":"2016-11-18T17:37:32","date_gmt":"2016-11-18T16:37:32","guid":{"rendered":"http:\/\/olvasodelalfold.sk-szeged.hu\/?p=2549"},"modified":"2016-12-23T17:47:21","modified_gmt":"2016-12-23T16:47:21","slug":"donna-tartt-a-titkos-tortenet-konyvajanlo","status":"publish","type":"post","link":"http:\/\/olvasodelalfold.sk-szeged.hu\/?p=2549","title":{"rendered":"Donna Tartt: A titkos t\u00f6rt\u00e9net \u2013 k\u00f6nyvaj\u00e1nl\u00f3"},"content":{"rendered":"<p><a href=\"http:\/\/olvasodelalfold.sk-szeged.hu\/wp-content\/uploads\/2016\/12\/titkos_tortenet.jpg\"><img loading=\"lazy\" decoding=\"async\" class=\"alignleft wp-image-2550 size-medium\" src=\"http:\/\/olvasodelalfold.sk-szeged.hu\/wp-content\/uploads\/2016\/12\/titkos_tortenet-205x300.jpg\" alt=\"titkos_tortenet\" width=\"205\" height=\"300\" srcset=\"http:\/\/olvasodelalfold.sk-szeged.hu\/wp-content\/uploads\/2016\/12\/titkos_tortenet-205x300.jpg 205w, http:\/\/olvasodelalfold.sk-szeged.hu\/wp-content\/uploads\/2016\/12\/titkos_tortenet.jpg 341w\" sizes=\"auto, (max-width: 205px) 100vw, 205px\" \/><\/a><\/p>\n<div id=\"tab1\" class=\"fullRow tabs\">\n<p>\u00d6ten voltak. Megk\u00f6zel\u00edthetetlen, titokzatos kis csoport a vermonti egyetemen. Ebbe az elit t\u00e1rsas\u00e1gba csup\u00e1n egyetlen \u00faj di\u00e1knak siker\u00fcl bejutnia, a felt\u00f6rekv\u0151 Richard Papennek. \u0150 besz\u00e9li el \u00e9vekkel k\u00e9s\u0151bb a csoport titkos t\u00f6rt\u00e9net\u00e9t. A k\u00fcl\u00f6n\u00f6s ifjak megsz\u00e1llott professzoruk hat\u00e1s\u00e1ra nemcsak tanulj\u00e1k, \u00e1t is \u00e9lik az \u00f3kori g\u00f6r\u00f6g kult\u00far\u00e1t, az \u0151si vall\u00e1st, a m\u00e1moros orgi\u00e1kat \u00e9s a v\u00e9r\u00e1ldozatot. De amikor megszegik a t\u00e1rsadalmi \u00e9s erk\u00f6lcsi t\u00f6rv\u00e9nyeket, \u00e1tl\u00e9pik a hat\u00e1rokat, \u00e9let\u00fck \u00f6r\u00f6kre megv\u00e1ltozik. Saj\u00e1t b\u0151r\u00fck\u00f6n tapasztalj\u00e1k, hogy nem \u00f6lni neh\u00e9z, hanem tov\u00e1bb \u00e9lni.<\/p>\n<p>Donna Tartt (1963) amerikai \u00edr\u00f3n\u0151t m\u00e1r els\u0151 reg\u00e9nye, a t\u00f6bb mint 5 milli\u00f3 p\u00e9ld\u00e1nyban elkelt A titkos t\u00f6rt\u00e9net (1992) vil\u00e1gh\u00edr\u0171v\u00e9 tette. M\u00e1sodik reg\u00e9nye, A kis bar\u00e1t (2002) WH Smith Irodalmi D\u00edjat kapott. A 2014-ben megjelent Aranypinty Pulitzer-d\u00edjas lett, \u00e9s Az \u00e9v k\u00f6nyv\u00e9nek v\u00e1lasztott\u00e1k. A megfilmes\u00edt\u00e9s jogait a Warner Bros. st\u00fadi\u00f3 vette meg. Donna Tartt 2014-ben szerepelt a Time 100 legbefoly\u00e1sosabb szem\u00e9lyis\u00e9ge list\u00e1n. (forr\u00e1s: Park Kiad\u00f3)<\/p>\n<\/div>\n<p>Olvasnival\u00f3:<br \/>\n<a href=\"https:\/\/olvassbele.com\/2015\/07\/04\/de-mi-lesz-utana-donna-tartt-titkos-tortenet\/\" target=\"_blank\">De mi lesz ut\u00e1na?<\/a> (K\u00f6nyvkult\u00fara Magazin)<br \/>\n<a href=\"http:\/\/konyvmegallo.hu\/news_items\/105\/konyvkritika-donna-tartt-a-titkos-tortenet\" target=\"_blank\">A titkos t\u00f6rt\u00e9net<\/a> (K\u00f6nyvmeg\u00e1ll\u00f3)<br \/>\n<a href=\"http:\/\/ekultura.hu\/olvasnivalo\/ajanlok\/cikk\/2015-07-08+10%3A00%3A00\/donna-tartt-a-titkos-tortenet\" target=\"_blank\">A titkos t\u00f6rt\u00e9net<\/a> (ekultura.hu)<\/p>\n<h3>Kapcsol\u00f3d\u00f3 k\u00e9pek:<\/h3>","protected":false},"excerpt":{"rendered":"<p>\u00d6ten voltak. Megk\u00f6zel\u00edthetetlen, titokzatos kis csoport a vermonti egyetemen. Ebbe az elit t\u00e1rsas\u00e1gba csup\u00e1n egyetlen \u00faj di\u00e1knak siker\u00fcl bejutnia, a felt\u00f6rekv\u0151 Richard Papennek. \u0150 besz\u00e9li el \u00e9vekkel k\u00e9s\u0151bb a csoport titkos t\u00f6rt\u00e9net\u00e9t. A k\u00fcl\u00f6n\u00f6s ifjak megsz\u00e1llott professzoruk hat\u00e1s\u00e1ra nemcsak tanulj\u00e1k, &hellip; <a href=\"http:\/\/olvasodelalfold.sk-szeged.hu\/?p=2549\">Folytat\u00e1s <span class=\"meta-nav\">&rarr;<\/span><\/a><\/p>\n","protected":false},"author":2,"featured_media":0,"comment_status":"closed","ping_status":"open","sticky":false,"template":"","format":"standard","meta":{"ngg_post_thumbnail":0,"footnotes":""},"categories":[83],"tags":[231],"class_list":["post-2549","post","type-post","status-publish","format-standard","hentry","category-felnotteknek","tag-donna-tartt"],"_links":{"self":[{"href":"http:\/\/olvasodelalfold.sk-szeged.hu\/index.php?rest_route=\/wp\/v2\/posts\/2549","targetHints":{"allow":["GET"]}}],"collection":[{"href":"http:\/\/olvasodelalfold.sk-szeged.hu\/index.php?rest_route=\/wp\/v2\/posts"}],"about":[{"href":"http:\/\/olvasodelalfold.sk-szeged.hu\/index.php?rest_route=\/wp\/v2\/types\/post"}],"author":[{"embeddable":true,"href":"http:\/\/olvasodelalfold.sk-szeged.hu\/index.php?rest_route=\/wp\/v2\/users\/2"}],"replies":[{"embeddable":true,"href":"http:\/\/olvasodelalfold.sk-szeged.hu\/index.php?rest_route=%2Fwp%2Fv2%2Fcomments&post=2549"}],"version-history":[{"count":1,"href":"http:\/\/olvasodelalfold.sk-szeged.hu\/index.php?rest_route=\/wp\/v2\/posts\/2549\/revisions"}],"predecessor-version":[{"id":2551,"href":"http:\/\/olvasodelalfold.sk-szeged.hu\/index.php?rest_route=\/wp\/v2\/posts\/2549\/revisions\/2551"}],"wp:attachment":[{"href":"http:\/\/olvasodelalfold.sk-szeged.hu\/index.php?rest_route=%2Fwp%2Fv2%2Fmedia&parent=2549"}],"wp:term":[{"taxonomy":"category","embeddable":true,"href":"http:\/\/olvasodelalfold.sk-szeged.hu\/index.php?rest_route=%2Fwp%2Fv2%2Fcategories&post=2549"},{"taxonomy":"post_tag","embeddable":true,"href":"http:\/\/olvasodelalfold.sk-szeged.hu\/index.php?rest_route=%2Fwp%2Fv2%2Ftags&post=2549"}],"curies":[{"name":"wp","href":"https:\/\/api.w.org\/{rel}","templated":true}]}}