{"id":2471,"date":"2016-04-02T11:16:01","date_gmt":"2016-04-02T09:16:01","guid":{"rendered":"http:\/\/olvasodelalfold.sk-szeged.hu\/?p=2471"},"modified":"2016-05-18T15:38:55","modified_gmt":"2016-05-18T13:38:55","slug":"jean-paul-didierlaurent-a-627-es-felolvaso-konyvajanlo","status":"publish","type":"post","link":"http:\/\/olvasodelalfold.sk-szeged.hu\/?p=2471","title":{"rendered":"Jean-Paul Didierlaurent: A 6:27-es felolvas\u00f3 \u2013 k\u00f6nyvaj\u00e1nl\u00f3"},"content":{"rendered":"<p><a href=\"http:\/\/olvasodelalfold.sk-szeged.hu\/wp-content\/uploads\/2016\/05\/didierlaurent_6_27.jpg\"><img loading=\"lazy\" decoding=\"async\" class=\"alignleft wp-image-2472 size-medium\" src=\"http:\/\/olvasodelalfold.sk-szeged.hu\/wp-content\/uploads\/2016\/05\/didierlaurent_6_27-192x300.jpg\" alt=\"didierlaurent_6_27\" width=\"192\" height=\"300\" srcset=\"http:\/\/olvasodelalfold.sk-szeged.hu\/wp-content\/uploads\/2016\/05\/didierlaurent_6_27-192x300.jpg 192w, http:\/\/olvasodelalfold.sk-szeged.hu\/wp-content\/uploads\/2016\/05\/didierlaurent_6_27.jpg 350w\" sizes=\"auto, (max-width: 192px) 100vw, 192px\" \/><\/a><\/p>\n<div id=\"tab1\" class=\"fullRow tabs\">\n<p>K\u00fcl\u00f6n\u00f6s jelenethez assziszt\u00e1l reggelente a 6 \u00f3ra 27-es, P\u00e1rizs k\u00f6rny\u00e9ki RER-j\u00e1rat utaz\u00f3k\u00f6z\u00f6ns\u00e9ge.<br \/>\nEgy fura fiatalember nap nap ut\u00e1n ugyanoda telepszik le, t\u00e1sk\u00e1j\u00e1b\u00f3l el\u0151kotor n\u00e9h\u00e1ny viseltes lapot, majd az \u00f6sszef\u00fcgg\u00e9stelen k\u00f6nyvoldalakat felolvassa a vonatkocsi pl\u00e9num\u00e1nak okul\u00e1s\u00e1ra. A ,,felolvas\u00f3&#8221;, Guylain Vignolles egy k\u00f6nyvz\u00fazd\u00e1ban dolgozik, a d\u00e9moni kisug\u00e1rz\u00e1s\u00fa, gyilkos hajlam\u00fa z\u00faz\u00f3g\u00e9pet ir\u00e1ny\u00edtja, \u00e9s gy\u0171l\u00f6li ezt a h\u00f3h\u00e9rmunk\u00e1t. Bizalmasa egy aranyhal, legjobb bar\u00e1tai egy balesetet szenvedett volt munkat\u00e1rsa, akinek elt\u00f6k\u00e9lt sz\u00e1nd\u00e9ka, hogy visszaszerezze odaveszett l\u00e1bait, valamint egy h\u00f3bortos versfarag\u00f3, aki kiz\u00e1r\u00f3lag r\u00edmekben hajland\u00f3 kommunik\u00e1lni felebar\u00e1taival.<br \/>\nEgy sz\u00e9p napon t\u00f6rt\u00e9nik valami. V\u00e1ratlan esem\u00e9ny forgatja fel Guylain monoton h\u00e9tk\u00f6znapjait. Vajon hov\u00e1, milyen emberi kapcsolatok, milyen \u00faj \u00e9let fel\u00e9 vezetik a nem v\u00e1rt v\u00e1ltoz\u00e1sok?<br \/>\nFelemel\u0151, kedves humor\u00fa, sz\u00edvet nyugtat\u00f3 mese emberekr\u0151l &#8211; j\u00f3kr\u00f3l, komiszakr\u00f3l, bogarasakr\u00f3l vagy \u00e9pp h\u00e9tk\u00f6znapiakr\u00f3l. \u00c9s a boldogs\u00e1gr\u00f3l, amely tal\u00e1n r\u00e1nk tal\u00e1l, ha m\u00e1r kell\u0151k\u00e9pp felk\u00e9sz\u00fclt\u00fcnk r\u00e1. (forr\u00e1s: <a href=\"http:\/\/kiadok.lira.hu\/kiado\/magveto\/index.php?action=konyv&amp;id=139435637\" target=\"_blank\">Magvet\u0151 Kiad\u00f3<\/a>)<\/p>\n<\/div>\n<p>Olvasnival\u00f3:<br \/>\n<a href=\"http:\/\/konyves.blog.hu\/2015\/04\/29\/az_eletkedv_letezik_talalkoztam_vele\" target=\"_blank\">Az \u00e9letkedv l\u00e9tezik: tal\u00e1lkoztam vele!<\/a> (K\u00f6nyves Blog)<br \/>\n<a href=\"http:\/\/konyvvizsgalok.blogspot.hu\/2015\/05\/jean-paul-didierlaurent-627-es-felolvaso.html\" target=\"_blank\">Jean-Paul Didierlaurent: A 6:27-es felolvas\u00f3<\/a> (K\u00f6nyvvizsg\u00e1l\u00f3k)<\/p>\n<h3>Kapcsol\u00f3d\u00f3 k\u00e9pek:<\/h3>","protected":false},"excerpt":{"rendered":"<p>K\u00fcl\u00f6n\u00f6s jelenethez assziszt\u00e1l reggelente a 6 \u00f3ra 27-es, P\u00e1rizs k\u00f6rny\u00e9ki RER-j\u00e1rat utaz\u00f3k\u00f6z\u00f6ns\u00e9ge. Egy fura fiatalember nap nap ut\u00e1n ugyanoda telepszik le, t\u00e1sk\u00e1j\u00e1b\u00f3l el\u0151kotor n\u00e9h\u00e1ny viseltes lapot, majd az \u00f6sszef\u00fcgg\u00e9stelen k\u00f6nyvoldalakat felolvassa a vonatkocsi pl\u00e9num\u00e1nak okul\u00e1s\u00e1ra. A ,,felolvas\u00f3&#8221;, Guylain Vignolles egy &hellip; <a href=\"http:\/\/olvasodelalfold.sk-szeged.hu\/?p=2471\">Folytat\u00e1s <span class=\"meta-nav\">&rarr;<\/span><\/a><\/p>\n","protected":false},"author":2,"featured_media":0,"comment_status":"closed","ping_status":"open","sticky":false,"template":"","format":"standard","meta":{"ngg_post_thumbnail":0,"footnotes":""},"categories":[83],"tags":[215],"class_list":["post-2471","post","type-post","status-publish","format-standard","hentry","category-felnotteknek","tag-jean-paul-didierlaurent"],"_links":{"self":[{"href":"http:\/\/olvasodelalfold.sk-szeged.hu\/index.php?rest_route=\/wp\/v2\/posts\/2471","targetHints":{"allow":["GET"]}}],"collection":[{"href":"http:\/\/olvasodelalfold.sk-szeged.hu\/index.php?rest_route=\/wp\/v2\/posts"}],"about":[{"href":"http:\/\/olvasodelalfold.sk-szeged.hu\/index.php?rest_route=\/wp\/v2\/types\/post"}],"author":[{"embeddable":true,"href":"http:\/\/olvasodelalfold.sk-szeged.hu\/index.php?rest_route=\/wp\/v2\/users\/2"}],"replies":[{"embeddable":true,"href":"http:\/\/olvasodelalfold.sk-szeged.hu\/index.php?rest_route=%2Fwp%2Fv2%2Fcomments&post=2471"}],"version-history":[{"count":1,"href":"http:\/\/olvasodelalfold.sk-szeged.hu\/index.php?rest_route=\/wp\/v2\/posts\/2471\/revisions"}],"predecessor-version":[{"id":2473,"href":"http:\/\/olvasodelalfold.sk-szeged.hu\/index.php?rest_route=\/wp\/v2\/posts\/2471\/revisions\/2473"}],"wp:attachment":[{"href":"http:\/\/olvasodelalfold.sk-szeged.hu\/index.php?rest_route=%2Fwp%2Fv2%2Fmedia&parent=2471"}],"wp:term":[{"taxonomy":"category","embeddable":true,"href":"http:\/\/olvasodelalfold.sk-szeged.hu\/index.php?rest_route=%2Fwp%2Fv2%2Fcategories&post=2471"},{"taxonomy":"post_tag","embeddable":true,"href":"http:\/\/olvasodelalfold.sk-szeged.hu\/index.php?rest_route=%2Fwp%2Fv2%2Ftags&post=2471"}],"curies":[{"name":"wp","href":"https:\/\/api.w.org\/{rel}","templated":true}]}}