{"id":2396,"date":"2015-10-02T20:40:07","date_gmt":"2015-10-02T18:40:07","guid":{"rendered":"http:\/\/olvasodelalfold.sk-szeged.hu\/?p=2396"},"modified":"2015-10-02T20:41:46","modified_gmt":"2015-10-02T18:41:46","slug":"kanyadi-sandor-vilaglatott-egerke-konyvajanlo","status":"publish","type":"post","link":"http:\/\/olvasodelalfold.sk-szeged.hu\/?p=2396","title":{"rendered":"K\u00e1ny\u00e1di S\u00e1ndor: Vil\u00e1gl\u00e1tott eg\u00e9rke \u2013 k\u00f6nyvaj\u00e1nl\u00f3"},"content":{"rendered":"<p><a href=\"http:\/\/olvasodelalfold.sk-szeged.hu\/wp-content\/uploads\/2015\/10\/vilaglatott_egerke.jpg\"><img loading=\"lazy\" decoding=\"async\" class=\"alignleft wp-image-2397\" src=\"http:\/\/olvasodelalfold.sk-szeged.hu\/wp-content\/uploads\/2015\/10\/vilaglatott_egerke.jpg\" alt=\"vilaglatott_egerke\" width=\"220\" height=\"228\" srcset=\"http:\/\/olvasodelalfold.sk-szeged.hu\/wp-content\/uploads\/2015\/10\/vilaglatott_egerke.jpg 350w, http:\/\/olvasodelalfold.sk-szeged.hu\/wp-content\/uploads\/2015\/10\/vilaglatott_egerke-289x300.jpg 289w\" sizes=\"auto, (max-width: 220px) 100vw, 220px\" \/><\/a><br \/>\n<strong>REGION\u00c1LIS OLVAS\u00c1SI VET\u00c9LKED\u0150 2015<\/strong><br \/>\n<strong>GYERMEKEKNEK AJ\u00c1NLOTT OLVASM\u00c1NYOK<\/strong><\/p>\n<div id=\"tab1\" class=\"fullRow tabs\">\n<p>\u201eEgy \u00e1rva mezei eg\u00e9rke megunta a hossz\u00fa \u0151szi es\u0151ket, s meg a koplal\u00e1st. Gondolt egyet, bemer\u00e9szkedett a faluba. Tudta az eg\u00e9rt\u00f6rt\u00e9nelmet. Hallotta az \u00f6regebbekt\u0151l, hogy a h\u00e1zi egereknek azoknak minden\u00fck megvan. Pince, kamra, padl\u00e1s tele minden j\u00f3val.\u201d \u00cdgy kezd\u0151dik h\u0151s\u00fcnk kalandos utaz\u00e1sa. Bizony, a h\u00e1zi egerek kipender\u00edtik a nem v\u00e1rt vend\u00e9get, s \u0151 a j\u00f3 tan\u00e1csot megfogadva, \u201ebeler\u00e1gja\u201d mag\u00e1t egy b\u0151r\u00f6ndbe, s vonattal folytatja \u00fatj\u00e1t. El\u0151bb egy elh\u00edzott h\u00e1zimacska aj\u00e1nlja fel neki bar\u00e1ts\u00e1g\u00e1t, majd a patk\u00e1nykir\u00e1ly udvari f\u0151k\u00f3stol\u00f3ja lesz. Az \u00e9letvesz\u00e9lyes hivatalb\u00f3l megsz\u00f6kik, s a f\u00e1z\u00f3, \u00e9hez\u0151 kisegeret egy csapat vid\u00e1m iskol\u00e1s fogadja be. H\u0151s\u00fcnk sorsa j\u00f3ra fordul, s tavaszi kir\u00e1ndul\u00e1s k\u00f6zben m\u00e9g csinos feles\u00e9gnekval\u00f3ra is bukkan\u2026 (forr\u00e1s: <a href=\"http:\/\/moly.hu\/konyvek\/kanyadi-sandor-vilaglatott-egerke\" target=\"_blank\">moly.hu<\/a>)<\/p>\n<\/div>\n<p>Aj\u00e1nljuk:<br \/>\n<a href=\"http:\/\/www.kabocalap.com\/\" target=\"_blank\">Kab\u00f3ca \u2013 A kedvenc oldalad szeretne lenni<\/a><br \/>\n<a href=\"http:\/\/www.pagony.hu\/konyvek\" target=\"_blank\">A Pagony kiad\u00f3 k\u00edn\u00e1lat\u00e1b\u00f3l<\/a><\/p>\n<h3>Kapcsol\u00f3d\u00f3 k\u00e9pek:<\/h3>","protected":false},"excerpt":{"rendered":"<p>REGION\u00c1LIS OLVAS\u00c1SI VET\u00c9LKED\u0150 2015 GYERMEKEKNEK AJ\u00c1NLOTT OLVASM\u00c1NYOK \u201eEgy \u00e1rva mezei eg\u00e9rke megunta a hossz\u00fa \u0151szi es\u0151ket, s meg a koplal\u00e1st. Gondolt egyet, bemer\u00e9szkedett a faluba. Tudta az eg\u00e9rt\u00f6rt\u00e9nelmet. Hallotta az \u00f6regebbekt\u0151l, hogy a h\u00e1zi egereknek azoknak minden\u00fck megvan. Pince, kamra, &hellip; <a href=\"http:\/\/olvasodelalfold.sk-szeged.hu\/?p=2396\">Folytat\u00e1s <span class=\"meta-nav\">&rarr;<\/span><\/a><\/p>\n","protected":false},"author":2,"featured_media":0,"comment_status":"closed","ping_status":"open","sticky":false,"template":"","format":"standard","meta":{"ngg_post_thumbnail":0,"footnotes":""},"categories":[82,208],"tags":[209],"class_list":["post-2396","post","type-post","status-publish","format-standard","hentry","category-gyermekeknek","category-gyermekeknek-ajanljuk","tag-kanyadi-sandor"],"_links":{"self":[{"href":"http:\/\/olvasodelalfold.sk-szeged.hu\/index.php?rest_route=\/wp\/v2\/posts\/2396","targetHints":{"allow":["GET"]}}],"collection":[{"href":"http:\/\/olvasodelalfold.sk-szeged.hu\/index.php?rest_route=\/wp\/v2\/posts"}],"about":[{"href":"http:\/\/olvasodelalfold.sk-szeged.hu\/index.php?rest_route=\/wp\/v2\/types\/post"}],"author":[{"embeddable":true,"href":"http:\/\/olvasodelalfold.sk-szeged.hu\/index.php?rest_route=\/wp\/v2\/users\/2"}],"replies":[{"embeddable":true,"href":"http:\/\/olvasodelalfold.sk-szeged.hu\/index.php?rest_route=%2Fwp%2Fv2%2Fcomments&post=2396"}],"version-history":[{"count":1,"href":"http:\/\/olvasodelalfold.sk-szeged.hu\/index.php?rest_route=\/wp\/v2\/posts\/2396\/revisions"}],"predecessor-version":[{"id":2398,"href":"http:\/\/olvasodelalfold.sk-szeged.hu\/index.php?rest_route=\/wp\/v2\/posts\/2396\/revisions\/2398"}],"wp:attachment":[{"href":"http:\/\/olvasodelalfold.sk-szeged.hu\/index.php?rest_route=%2Fwp%2Fv2%2Fmedia&parent=2396"}],"wp:term":[{"taxonomy":"category","embeddable":true,"href":"http:\/\/olvasodelalfold.sk-szeged.hu\/index.php?rest_route=%2Fwp%2Fv2%2Fcategories&post=2396"},{"taxonomy":"post_tag","embeddable":true,"href":"http:\/\/olvasodelalfold.sk-szeged.hu\/index.php?rest_route=%2Fwp%2Fv2%2Ftags&post=2396"}],"curies":[{"name":"wp","href":"https:\/\/api.w.org\/{rel}","templated":true}]}}