{"id":2327,"date":"2015-05-18T21:24:37","date_gmt":"2015-05-18T19:24:37","guid":{"rendered":"http:\/\/olvasodelalfold.sk-szeged.hu\/?p=2327"},"modified":"2015-06-21T21:30:55","modified_gmt":"2015-06-21T19:30:55","slug":"nemeth-eszter-koteltanc-konyvajanlo","status":"publish","type":"post","link":"http:\/\/olvasodelalfold.sk-szeged.hu\/?p=2327","title":{"rendered":"N\u00e9meth Eszter: K\u00f6t\u00e9lt\u00e1nc \u2013 k\u00f6nyvaj\u00e1nl\u00f3"},"content":{"rendered":"<p><a href=\"http:\/\/olvasodelalfold.sk-szeged.hu\/wp-content\/uploads\/2015\/06\/koteltanc.jpg\"><img loading=\"lazy\" decoding=\"async\" class=\"alignleft size-full wp-image-2328\" src=\"http:\/\/olvasodelalfold.sk-szeged.hu\/wp-content\/uploads\/2015\/06\/koteltanc.jpg\" alt=\"koteltanc\" width=\"250\" height=\"363\" srcset=\"http:\/\/olvasodelalfold.sk-szeged.hu\/wp-content\/uploads\/2015\/06\/koteltanc.jpg 250w, http:\/\/olvasodelalfold.sk-szeged.hu\/wp-content\/uploads\/2015\/06\/koteltanc-207x300.jpg 207w\" sizes=\"auto, (max-width: 250px) 100vw, 250px\" \/><\/a><\/p>\n<p>Konr\u00e1d Lia tizenh\u00e9t \u00e9ves vid\u00e9ki l\u00e1ny. A fullaszt\u00f3 kisv\u00e1rosi k\u00f6rnyezetben hi\u00e1ba keresi az egyens\u00falyt k\u00e9t \u00e9let, k\u00e9t fi\u00fa, de legf\u0151k\u00e9pp a k\u00fclvil\u00e1g \u00e9s\u00a0saj\u00e1t elv\u00e1r\u00e1sai\u00a0k\u00f6z\u00f6tt. Torz t\u00fck\u00f6rben l\u00e1tja \u00f6nmag\u00e1t, titkos blogj\u00e1ban vall arr\u00f3l, hogyan hagyj\u00e1k cserben egym\u00e1s ut\u00e1n sz\u00fclei \u00e9s bar\u00e1tai\u2026<br \/>\nN\u00e9meth Eszter blogreg\u00e9ny\u00e9ben megd\u00f6bbent\u0151 hiteless\u00e9ggel mutatja be az 1995 ut\u00e1n sz\u00fcletett digit\u00e1lis gener\u00e1ci\u00f3 \u00fatkeres\u00e9s\u00e9t.<br \/>\n&#8222;Mindig leny\u0171g\u00f6z\u00f6tt a k\u00f6t\u00e9lt\u00e1ncosok l\u00e1tv\u00e1nya. Leveg\u0151t is alig mertem venni, mintha \u00e9n egyens\u00falyoztam volna a k\u00f6t\u00e9len. Azt\u00e1n egyszer l\u00e1ttam egy k\u00f6t\u00e9lt\u00e1ncost leesni. \u00c9s egy villan\u00e1sra ki\u00fclt a n\u00e9z\u0151k arc\u00e1ra az, amit ny\u00edltan nem vallottak volna be: \u00e9nj\u00fck egy darabk\u00e1ja titkon erre a zuhan\u00e1sra v\u00e1rt. Hasonl\u00f3 \u00e9lm\u00e9nyt \u00e9lhet \u00e1t, aki elolvassa ezt a reg\u00e9nyt. Lesznek pillanatok, amikor azt k\u00edv\u00e1njuk, b\u00e1rcsak\u2026 \u00c9s a v\u00e9g\u00e9n, amikor elsz\u00e9gyellj\u00fck magunkat, r\u00e1d\u00f6bben\u00fcnk, hogy ez a k\u00f6nyv \u00e9pp annyira sz\u00f3l r\u00f3lunk is, mint a f\u0151szerepl\u0151 l\u00e1nyr\u00f3l, Li\u00e1r\u00f3l. Aki se nem angyal, se nem \u00f6rd\u00f6g. Csak egy l\u00e1ny: k\u00f6t\u00e9lt\u00e1ncos.&#8221; \u2013 Pacskovszky Zsolt \u00edr\u00f3, m\u0171ford\u00edt\u00f3, a <i>Szabades\u00e9s<\/i> szerz\u0151je (mora.hu)<\/p>\n<p>Olvasnival\u00f3:<br \/>\n<a href=\"http:\/\/olvasovanevels.gportal.hu\/gindex.php?pg=36695503&amp;nid=6599109\" target=\"_blank\">N\u00e9meth Eszter &#8211; K\u00f6t\u00e9lt\u00e1nc \u00e9let \u00e9s hal\u00e1l k\u00f6z\u00f6tt<\/a> (Olvas\u00f3v\u00e1 nevel\u00e9s)<br \/>\n<a href=\"http:\/\/librarius.hu\/2015\/06\/02\/harman-is-ongyilkosok-lettek-a-szulovarosomban-mialatt-a-konyvet-irtam\/\" target=\"_blank\">H\u00e1rman is \u00f6ngyilkosok lettek a sz\u00fcl\u0151v\u00e1rosomban, mialatt a k\u00f6nyvet \u00edrtam<\/a> (Librarius)<\/p>\n<h3>Kapcsol\u00f3d\u00f3 k\u00e9pek:<\/h3>","protected":false},"excerpt":{"rendered":"<p>Konr\u00e1d Lia tizenh\u00e9t \u00e9ves vid\u00e9ki l\u00e1ny. A fullaszt\u00f3 kisv\u00e1rosi k\u00f6rnyezetben hi\u00e1ba keresi az egyens\u00falyt k\u00e9t \u00e9let, k\u00e9t fi\u00fa, de legf\u0151k\u00e9pp a k\u00fclvil\u00e1g \u00e9s\u00a0saj\u00e1t elv\u00e1r\u00e1sai\u00a0k\u00f6z\u00f6tt. Torz t\u00fck\u00f6rben l\u00e1tja \u00f6nmag\u00e1t, titkos blogj\u00e1ban vall arr\u00f3l, hogyan hagyj\u00e1k cserben egym\u00e1s ut\u00e1n sz\u00fclei \u00e9s bar\u00e1tai\u2026 &hellip; <a href=\"http:\/\/olvasodelalfold.sk-szeged.hu\/?p=2327\">Folytat\u00e1s <span class=\"meta-nav\">&rarr;<\/span><\/a><\/p>\n","protected":false},"author":2,"featured_media":0,"comment_status":"closed","ping_status":"open","sticky":false,"template":"","format":"standard","meta":{"ngg_post_thumbnail":0,"footnotes":""},"categories":[83,82],"tags":[193],"class_list":["post-2327","post","type-post","status-publish","format-standard","hentry","category-felnotteknek","category-gyermekeknek","tag-nemeth-eszter"],"_links":{"self":[{"href":"http:\/\/olvasodelalfold.sk-szeged.hu\/index.php?rest_route=\/wp\/v2\/posts\/2327","targetHints":{"allow":["GET"]}}],"collection":[{"href":"http:\/\/olvasodelalfold.sk-szeged.hu\/index.php?rest_route=\/wp\/v2\/posts"}],"about":[{"href":"http:\/\/olvasodelalfold.sk-szeged.hu\/index.php?rest_route=\/wp\/v2\/types\/post"}],"author":[{"embeddable":true,"href":"http:\/\/olvasodelalfold.sk-szeged.hu\/index.php?rest_route=\/wp\/v2\/users\/2"}],"replies":[{"embeddable":true,"href":"http:\/\/olvasodelalfold.sk-szeged.hu\/index.php?rest_route=%2Fwp%2Fv2%2Fcomments&post=2327"}],"version-history":[{"count":1,"href":"http:\/\/olvasodelalfold.sk-szeged.hu\/index.php?rest_route=\/wp\/v2\/posts\/2327\/revisions"}],"predecessor-version":[{"id":2329,"href":"http:\/\/olvasodelalfold.sk-szeged.hu\/index.php?rest_route=\/wp\/v2\/posts\/2327\/revisions\/2329"}],"wp:attachment":[{"href":"http:\/\/olvasodelalfold.sk-szeged.hu\/index.php?rest_route=%2Fwp%2Fv2%2Fmedia&parent=2327"}],"wp:term":[{"taxonomy":"category","embeddable":true,"href":"http:\/\/olvasodelalfold.sk-szeged.hu\/index.php?rest_route=%2Fwp%2Fv2%2Fcategories&post=2327"},{"taxonomy":"post_tag","embeddable":true,"href":"http:\/\/olvasodelalfold.sk-szeged.hu\/index.php?rest_route=%2Fwp%2Fv2%2Ftags&post=2327"}],"curies":[{"name":"wp","href":"https:\/\/api.w.org\/{rel}","templated":true}]}}