{"id":2316,"date":"2015-05-03T06:49:00","date_gmt":"2015-05-03T04:49:00","guid":{"rendered":"http:\/\/olvasodelalfold.sk-szeged.hu\/?p=2316"},"modified":"2015-05-22T07:10:19","modified_gmt":"2015-05-22T05:10:19","slug":"2316","status":"publish","type":"post","link":"http:\/\/olvasodelalfold.sk-szeged.hu\/?p=2316","title":{"rendered":"Ny\u00e1ry Kriszti\u00e1n: Igazi h\u0151s\u00f6k \u2013 k\u00f6tetbemutat\u00f3 besz\u00e9lget\u00e9s"},"content":{"rendered":"<p><a href=\"http:\/\/olvasodelalfold.sk-szeged.hu\/wp-content\/uploads\/2015\/05\/nyary_krisztian_igazi_hosok1.jpg\"><img loading=\"lazy\" decoding=\"async\" class=\"alignleft wp-image-2317 size-medium\" src=\"http:\/\/olvasodelalfold.sk-szeged.hu\/wp-content\/uploads\/2015\/05\/nyary_krisztian_igazi_hosok1-243x300.jpg\" alt=\"nyary_krisztian_igazi_hosok1\" width=\"243\" height=\"300\" srcset=\"http:\/\/olvasodelalfold.sk-szeged.hu\/wp-content\/uploads\/2015\/05\/nyary_krisztian_igazi_hosok1-243x300.jpg 243w, http:\/\/olvasodelalfold.sk-szeged.hu\/wp-content\/uploads\/2015\/05\/nyary_krisztian_igazi_hosok1.jpg 405w\" sizes=\"auto, (max-width: 243px) 100vw, 243px\" \/><\/a><\/p>\n<p>2015. m\u00e1jus 28-\u00e1n, cs\u00fct\u00f6rt\u00f6k\u00f6n d\u00e9lut\u00e1n f\u00e9l 5-t\u0151l <strong>B\u00edr\u00f3-Balogh Tam\u00e1s <\/strong>besz\u00e9lget <strong>Ny\u00e1ry Kriszti\u00e1n<\/strong>nal, a k\u00f6tet szerz\u0151j\u00e9vel a szegedi Somogyi-k\u00f6nyvt\u00e1rban (D\u00f3m t\u00e9r 1\u20134.).<\/p>\n<p>\u201eAz emberi sorsok \u00e9rdekelnek, err\u0151l \u00edrok. El\u0151z\u0151 k\u00e9t k\u00f6nyvemben arr\u00f3l mes\u00e9ltem, hogyan form\u00e1lja az emberi sorsot a szerelem. Most arr\u00f3l, hogyan tehetnek h\u0151ss\u00e9 valakit a szem\u00e9lyes d\u00f6nt\u00e9sek. A k\u00f6nyvben szerepl\u0151 33 magyar ember igazi h\u0151s, akik a megfelel\u0151 pillanatokban j\u00f3l d\u00f6nt\u00f6ttek, \u00e9s azt\u00e1n k\u00e9pesek voltak kitartani a d\u00f6nt\u00e9s\u00fck mellett. H\u0151s\u00f6k, akik a nehezebb utat v\u00e1lasztott\u00e1k, \u00e9s kisebbs\u00e9gben maradva is az igazs\u00e1got k\u00e9pviselt\u00e9k. Vagy egyszer\u0171en csak v\u00e9gig mertek menni a saj\u00e1t \u00fatjukon, \u00fagy, hogy m\u00e1soknak ezzel p\u00e9ld\u00e1t mutattak. Kiv\u00e1laszt\u00e1suk teljesen szubjekt\u00edven t\u00f6rt\u00e9nt, \u0151k az \u00e9n szem\u00e9lyes h\u0151seim.\u201d (Ny\u00e1ri Kriszti\u00e1n)<\/p>\n<p>Olvasnival\u00f3:<br \/>\n<a href=\"http:\/\/konyves.blog.hu\/2014\/11\/18\/hetkoznapi_hosokrol_sztorizik_nyary_krisztian\" target=\"_blank\">H\u00e9tk\u00f6znapi h\u0151s\u00f6kr\u0151l sztorizik Ny\u00e1ry Kriszti\u00e1n<\/a><br \/>\n<a href=\"http:\/\/olvassbele.com\/2014\/12\/22\/szubjektiv-szupervalogatott-nyary-krisztian-igazi-hosok\/\" target=\"_blank\">Szubjekt\u00edv szuperv\u00e1logatott | Ny\u00e1ry Kriszti\u00e1n: Igazi h\u0151s\u00f6k<\/a><br \/>\n<a href=\"http:\/\/www.nlcafe.hu\/szabadido\/20141201\/nyary-krisztian-igazi-hosok-interju\/\" target=\"_blank\">Ny\u00e1ry Kriszti\u00e1n: \u201eMindig lehet m\u00e1sk\u00e9nt d\u00f6nteni, mint a t\u00f6bbs\u00e9g\u201d<\/a><\/p>\n<h3>Kapcsol\u00f3d\u00f3 k\u00e9pek:<\/h3>","protected":false},"excerpt":{"rendered":"<p>2015. m\u00e1jus 28-\u00e1n, cs\u00fct\u00f6rt\u00f6k\u00f6n d\u00e9lut\u00e1n f\u00e9l 5-t\u0151l B\u00edr\u00f3-Balogh Tam\u00e1s besz\u00e9lget Ny\u00e1ry Kriszti\u00e1nnal, a k\u00f6tet szerz\u0151j\u00e9vel a szegedi Somogyi-k\u00f6nyvt\u00e1rban (D\u00f3m t\u00e9r 1\u20134.). \u201eAz emberi sorsok \u00e9rdekelnek, err\u0151l \u00edrok. El\u0151z\u0151 k\u00e9t k\u00f6nyvemben arr\u00f3l mes\u00e9ltem, hogyan form\u00e1lja az emberi sorsot a szerelem. Most &hellip; <a href=\"http:\/\/olvasodelalfold.sk-szeged.hu\/?p=2316\">Folytat\u00e1s <span class=\"meta-nav\">&rarr;<\/span><\/a><\/p>\n","protected":false},"author":2,"featured_media":0,"comment_status":"closed","ping_status":"open","sticky":false,"template":"","format":"standard","meta":{"ngg_post_thumbnail":0,"footnotes":""},"categories":[83,46],"tags":[191,190],"class_list":["post-2316","post","type-post","status-publish","format-standard","hentry","category-felnotteknek","category-szeged","tag-biro-balogh-tamas","tag-nyary-krisztian"],"_links":{"self":[{"href":"http:\/\/olvasodelalfold.sk-szeged.hu\/index.php?rest_route=\/wp\/v2\/posts\/2316","targetHints":{"allow":["GET"]}}],"collection":[{"href":"http:\/\/olvasodelalfold.sk-szeged.hu\/index.php?rest_route=\/wp\/v2\/posts"}],"about":[{"href":"http:\/\/olvasodelalfold.sk-szeged.hu\/index.php?rest_route=\/wp\/v2\/types\/post"}],"author":[{"embeddable":true,"href":"http:\/\/olvasodelalfold.sk-szeged.hu\/index.php?rest_route=\/wp\/v2\/users\/2"}],"replies":[{"embeddable":true,"href":"http:\/\/olvasodelalfold.sk-szeged.hu\/index.php?rest_route=%2Fwp%2Fv2%2Fcomments&post=2316"}],"version-history":[{"count":3,"href":"http:\/\/olvasodelalfold.sk-szeged.hu\/index.php?rest_route=\/wp\/v2\/posts\/2316\/revisions"}],"predecessor-version":[{"id":2320,"href":"http:\/\/olvasodelalfold.sk-szeged.hu\/index.php?rest_route=\/wp\/v2\/posts\/2316\/revisions\/2320"}],"wp:attachment":[{"href":"http:\/\/olvasodelalfold.sk-szeged.hu\/index.php?rest_route=%2Fwp%2Fv2%2Fmedia&parent=2316"}],"wp:term":[{"taxonomy":"category","embeddable":true,"href":"http:\/\/olvasodelalfold.sk-szeged.hu\/index.php?rest_route=%2Fwp%2Fv2%2Fcategories&post=2316"},{"taxonomy":"post_tag","embeddable":true,"href":"http:\/\/olvasodelalfold.sk-szeged.hu\/index.php?rest_route=%2Fwp%2Fv2%2Ftags&post=2316"}],"curies":[{"name":"wp","href":"https:\/\/api.w.org\/{rel}","templated":true}]}}