{"id":2311,"date":"2015-04-15T18:29:01","date_gmt":"2015-04-15T16:29:01","guid":{"rendered":"http:\/\/olvasodelalfold.sk-szeged.hu\/?p=2311"},"modified":"2015-04-27T18:40:51","modified_gmt":"2015-04-27T16:40:51","slug":"jean-rouaud-a-becsulet-mezejen-konyvajanlo","status":"publish","type":"post","link":"http:\/\/olvasodelalfold.sk-szeged.hu\/?p=2311","title":{"rendered":"Jean Rouaud: A becs\u00fclet mezej\u00e9n \u2013 k\u00f6nyvaj\u00e1nl\u00f3"},"content":{"rendered":"<p><a href=\"http:\/\/olvasodelalfold.sk-szeged.hu\/wp-content\/uploads\/2015\/04\/becsulet_mezejen.jpg\"><img loading=\"lazy\" decoding=\"async\" class=\"alignleft wp-image-2312 size-medium\" src=\"http:\/\/olvasodelalfold.sk-szeged.hu\/wp-content\/uploads\/2015\/04\/becsulet_mezejen-205x300.jpg\" alt=\"becsulet_mezejen\" width=\"205\" height=\"300\" srcset=\"http:\/\/olvasodelalfold.sk-szeged.hu\/wp-content\/uploads\/2015\/04\/becsulet_mezejen-205x300.jpg 205w, http:\/\/olvasodelalfold.sk-szeged.hu\/wp-content\/uploads\/2015\/04\/becsulet_mezejen.jpg 300w\" sizes=\"auto, (max-width: 205px) 100vw, 205px\" \/><\/a><br \/>\nA k\u00f6nyv mulats\u00e1gos b\u00f6rleszk jelenetekkel indul. A vaksi, \u00e9letvesz\u00e9lyesen vezet\u0151 nagypapa k\u00e9t l\u00f3er\u0151s Citro\u00ebnj\u00e9be m\u00e1r csak a legb\u00e1trabbak mernek be\u00fclni. Egy t\u00f6r\u00e9keny, mad\u00e1rcsont\u00fa nagyn\u00e9ni a fal fel\u00e9 ford\u00edtva b\u00fcnteti a szentek szobrait, ha k\u00e9r\u00e9seit nem teljes\u00edtik. De amikor el\u0151bb az apa, majd a nagyn\u00e9ni \u00e9s a nagypapa is meghal, a csal\u00e1d \u00e9lete v\u00e9gleges fordulatot vesz. Az egykori kisfi\u00faban felszakadnak az eml\u00e9kek, \u00e9s kibomlik el\u0151tt\u00fcnk egy csal\u00e1d sorsa visszafel\u00e9, eg\u00e9szen az els\u0151 vil\u00e1gh\u00e1bor\u00fas l\u00f6v\u00e9sz\u00e1rkokig. Ez a v\u00e9gtelen gy\u00f6ng\u00e9ds\u00e9ggel \u00e9s szeretettel meg\u00edrt reg\u00e9ny m\u00e9lt\u00e1n v\u00e1lt az ut\u00f3bbi \u00e9vtizedek egyik legnagyobb irodalmi szenz\u00e1ci\u00f3j\u00e1v\u00e1 Franciaorsz\u00e1gban. (harmattan.hu)<\/p>\n<p>Olvasnival\u00f3:<br \/>\n<a href=\"http:\/\/kulter.hu\/2011\/09\/az-emlekezes-becsulete\/\" target=\"_blank\">Az eml\u00e9kez\u00e9s becs\u00fclete<\/a> (KULTer.hu)<br \/>\n<a href=\"http:\/\/marieclaire.hu\/Kultura\/2014\/10\/10\/a-konyv-tisztito-ereje-interju-jean-rouauddal\" target=\"_blank\">A k\u00f6nyv tiszt\u00edt\u00f3 ereje \u2013 interj\u00fa Jean Rouaud-val<\/a> (marieclaire.hu)<\/p>\n<h3>Kapcsol\u00f3d\u00f3 k\u00e9pek:<\/h3>","protected":false},"excerpt":{"rendered":"<p>A k\u00f6nyv mulats\u00e1gos b\u00f6rleszk jelenetekkel indul. A vaksi, \u00e9letvesz\u00e9lyesen vezet\u0151 nagypapa k\u00e9t l\u00f3er\u0151s Citro\u00ebnj\u00e9be m\u00e1r csak a legb\u00e1trabbak mernek be\u00fclni. Egy t\u00f6r\u00e9keny, mad\u00e1rcsont\u00fa nagyn\u00e9ni a fal fel\u00e9 ford\u00edtva b\u00fcnteti a szentek szobrait, ha k\u00e9r\u00e9seit nem teljes\u00edtik. De amikor el\u0151bb az &hellip; <a href=\"http:\/\/olvasodelalfold.sk-szeged.hu\/?p=2311\">Folytat\u00e1s <span class=\"meta-nav\">&rarr;<\/span><\/a><\/p>\n","protected":false},"author":2,"featured_media":0,"comment_status":"closed","ping_status":"open","sticky":false,"template":"","format":"standard","meta":{"ngg_post_thumbnail":0,"footnotes":""},"categories":[83],"tags":[189],"class_list":["post-2311","post","type-post","status-publish","format-standard","hentry","category-felnotteknek","tag-jean-rouaud"],"_links":{"self":[{"href":"http:\/\/olvasodelalfold.sk-szeged.hu\/index.php?rest_route=\/wp\/v2\/posts\/2311","targetHints":{"allow":["GET"]}}],"collection":[{"href":"http:\/\/olvasodelalfold.sk-szeged.hu\/index.php?rest_route=\/wp\/v2\/posts"}],"about":[{"href":"http:\/\/olvasodelalfold.sk-szeged.hu\/index.php?rest_route=\/wp\/v2\/types\/post"}],"author":[{"embeddable":true,"href":"http:\/\/olvasodelalfold.sk-szeged.hu\/index.php?rest_route=\/wp\/v2\/users\/2"}],"replies":[{"embeddable":true,"href":"http:\/\/olvasodelalfold.sk-szeged.hu\/index.php?rest_route=%2Fwp%2Fv2%2Fcomments&post=2311"}],"version-history":[{"count":1,"href":"http:\/\/olvasodelalfold.sk-szeged.hu\/index.php?rest_route=\/wp\/v2\/posts\/2311\/revisions"}],"predecessor-version":[{"id":2313,"href":"http:\/\/olvasodelalfold.sk-szeged.hu\/index.php?rest_route=\/wp\/v2\/posts\/2311\/revisions\/2313"}],"wp:attachment":[{"href":"http:\/\/olvasodelalfold.sk-szeged.hu\/index.php?rest_route=%2Fwp%2Fv2%2Fmedia&parent=2311"}],"wp:term":[{"taxonomy":"category","embeddable":true,"href":"http:\/\/olvasodelalfold.sk-szeged.hu\/index.php?rest_route=%2Fwp%2Fv2%2Fcategories&post=2311"},{"taxonomy":"post_tag","embeddable":true,"href":"http:\/\/olvasodelalfold.sk-szeged.hu\/index.php?rest_route=%2Fwp%2Fv2%2Ftags&post=2311"}],"curies":[{"name":"wp","href":"https:\/\/api.w.org\/{rel}","templated":true}]}}