{"id":2230,"date":"2014-08-22T20:30:31","date_gmt":"2014-08-22T18:30:31","guid":{"rendered":"http:\/\/olvasodelalfold.sk-szeged.hu\/?p=2230"},"modified":"2014-11-02T20:38:46","modified_gmt":"2014-11-02T19:38:46","slug":"feher-jozsef-a-furfangos-kismanok-konyvajanlo","status":"publish","type":"post","link":"http:\/\/olvasodelalfold.sk-szeged.hu\/?p=2230","title":{"rendered":"Feh\u00e9r J\u00f3zsef: A furfangos kisman\u00f3k \u2013 k\u00f6nyvaj\u00e1nl\u00f3"},"content":{"rendered":"<p><a href=\"http:\/\/olvasodelalfold.sk-szeged.hu\/wp-content\/uploads\/2014\/11\/furfangos_kismanok.jpg\"><img loading=\"lazy\" decoding=\"async\" class=\"alignleft  wp-image-2231\" alt=\"furfangos_kismanok\" src=\"http:\/\/olvasodelalfold.sk-szeged.hu\/wp-content\/uploads\/2014\/11\/furfangos_kismanok.jpg\" width=\"220\" height=\"320\" srcset=\"http:\/\/olvasodelalfold.sk-szeged.hu\/wp-content\/uploads\/2014\/11\/furfangos_kismanok.jpg 275w, http:\/\/olvasodelalfold.sk-szeged.hu\/wp-content\/uploads\/2014\/11\/furfangos_kismanok-206x300.jpg 206w\" sizes=\"auto, (max-width: 220px) 100vw, 220px\" \/><\/a><\/p>\n<p>D\u00e9l-alf\u00f6ldi \u00edr\u00f3 k\u00f6nyve nem csak d\u00e9l-alf\u00f6ldi gyerekeknek<\/p>\n<p>A v\u00e1s\u00e1rhelyi \u00edr\u00f3 a t\u00f6rt\u00e9net meg\u00edr\u00e1sakor a mai val\u00f3s\u00e1gb\u00f3l indult ki: adott egy \u00e9p\u00edt\u00e9sz, aki nem t\u00f6r\u0151dik azzal, hogy jobb\u00e1 tegye a vil\u00e1got, ink\u00e1bb kizs\u00e1km\u00e1nyolja a term\u00e9szetet. A f\u0151h\u0151s cselekedeteit a mesevil\u00e1g szerepl\u0151i nem n\u00e9zik j\u00f3 szemmel, \u00e9s man\u00f3v\u00e1 v\u00e1ltoztatj\u00e1k, amely azt\u00e1n sz\u00e1mos bonyodalmat okoz.<\/p>\n<p>&#8222;Sok \u00e9rdekess\u00e9get vettem bele ebbe a k\u00f6nyvbe: ez kalandos , izgalmas, ugyanakkor tiszta jellemekkel dolgoztam, \u00e9ppen az\u00e9rt, hogy a gyerekek is jobban szeress\u00e9k \u00e9s fog\u00e9konyabbak legyenek r\u00e1. Egy kicsit pedag\u00f3gus szemmel is n\u00e9ztem, hiszen \u00e9n \u00fajs\u00e1g\u00edr\u00f3, n\u00e9pm\u0171vel\u0151 \u00e9s pedag\u00f3gus is lenn\u00e9k egy szem\u00e9lyben.&#8221; (vasarhelyitv.hu)<\/p>\n<p>Aj\u00e1nljuk:<br \/>\n<a href=\"http:\/\/promenad.hu\/cikk\/szerkesztosegunkben-a-furfangos-kismanok-136239\" target=\"_blank\">Szerkeszt\u0151s\u00e9g\u00fcnkben &#8222;A furfangos kisman\u00f3k&#8221;<\/a> (promenad.hu)<br \/>\n<a href=\"http:\/\/www.irodalmilap.net\/?q=cikk\/bosszuallo-vegzete-reszlet-furfangos-kismanok-cimu-meseregenybol\" target=\"_blank\">R\u00e9szlet a mesereg\u00e9nyb\u0151l<\/a> (Magyar Irodalmi Lap)<\/p>\n<h3>Kapcsol\u00f3d\u00f3 k\u00e9pek:<\/h3>","protected":false},"excerpt":{"rendered":"<p>D\u00e9l-alf\u00f6ldi \u00edr\u00f3 k\u00f6nyve nem csak d\u00e9l-alf\u00f6ldi gyerekeknek A v\u00e1s\u00e1rhelyi \u00edr\u00f3 a t\u00f6rt\u00e9net meg\u00edr\u00e1sakor a mai val\u00f3s\u00e1gb\u00f3l indult ki: adott egy \u00e9p\u00edt\u00e9sz, aki nem t\u00f6r\u0151dik azzal, hogy jobb\u00e1 tegye a vil\u00e1got, ink\u00e1bb kizs\u00e1km\u00e1nyolja a term\u00e9szetet. A f\u0151h\u0151s cselekedeteit a mesevil\u00e1g szerepl\u0151i &hellip; <a href=\"http:\/\/olvasodelalfold.sk-szeged.hu\/?p=2230\">Folytat\u00e1s <span class=\"meta-nav\">&rarr;<\/span><\/a><\/p>\n","protected":false},"author":2,"featured_media":0,"comment_status":"closed","ping_status":"open","sticky":false,"template":"","format":"standard","meta":{"ngg_post_thumbnail":0,"footnotes":""},"categories":[82],"tags":[176],"class_list":["post-2230","post","type-post","status-publish","format-standard","hentry","category-gyermekeknek","tag-feher-jozsef"],"_links":{"self":[{"href":"http:\/\/olvasodelalfold.sk-szeged.hu\/index.php?rest_route=\/wp\/v2\/posts\/2230","targetHints":{"allow":["GET"]}}],"collection":[{"href":"http:\/\/olvasodelalfold.sk-szeged.hu\/index.php?rest_route=\/wp\/v2\/posts"}],"about":[{"href":"http:\/\/olvasodelalfold.sk-szeged.hu\/index.php?rest_route=\/wp\/v2\/types\/post"}],"author":[{"embeddable":true,"href":"http:\/\/olvasodelalfold.sk-szeged.hu\/index.php?rest_route=\/wp\/v2\/users\/2"}],"replies":[{"embeddable":true,"href":"http:\/\/olvasodelalfold.sk-szeged.hu\/index.php?rest_route=%2Fwp%2Fv2%2Fcomments&post=2230"}],"version-history":[{"count":1,"href":"http:\/\/olvasodelalfold.sk-szeged.hu\/index.php?rest_route=\/wp\/v2\/posts\/2230\/revisions"}],"predecessor-version":[{"id":2232,"href":"http:\/\/olvasodelalfold.sk-szeged.hu\/index.php?rest_route=\/wp\/v2\/posts\/2230\/revisions\/2232"}],"wp:attachment":[{"href":"http:\/\/olvasodelalfold.sk-szeged.hu\/index.php?rest_route=%2Fwp%2Fv2%2Fmedia&parent=2230"}],"wp:term":[{"taxonomy":"category","embeddable":true,"href":"http:\/\/olvasodelalfold.sk-szeged.hu\/index.php?rest_route=%2Fwp%2Fv2%2Fcategories&post=2230"},{"taxonomy":"post_tag","embeddable":true,"href":"http:\/\/olvasodelalfold.sk-szeged.hu\/index.php?rest_route=%2Fwp%2Fv2%2Ftags&post=2230"}],"curies":[{"name":"wp","href":"https:\/\/api.w.org\/{rel}","templated":true}]}}