{"id":2205,"date":"2014-07-01T18:31:19","date_gmt":"2014-07-01T16:31:19","guid":{"rendered":"http:\/\/olvasodelalfold.sk-szeged.hu\/?p=2205"},"modified":"2014-07-20T18:39:47","modified_gmt":"2014-07-20T16:39:47","slug":"konyvajanlo-grecso-krisztian-megyek-utanad","status":"publish","type":"post","link":"http:\/\/olvasodelalfold.sk-szeged.hu\/?p=2205","title":{"rendered":"K\u00f6nyvaj\u00e1nl\u00f3 \u2013 Grecs\u00f3 Kriszti\u00e1n: Megyek ut\u00e1nad"},"content":{"rendered":"<p><a href=\"http:\/\/olvasodelalfold.sk-szeged.hu\/wp-content\/uploads\/2014\/07\/grecso_megyek_utanad.jpg\"><img loading=\"lazy\" decoding=\"async\" class=\"alignleft size-full wp-image-2206\" alt=\"grecso_megyek_utanad\" src=\"http:\/\/olvasodelalfold.sk-szeged.hu\/wp-content\/uploads\/2014\/07\/grecso_megyek_utanad.jpg\" width=\"192\" height=\"300\" \/><\/a><br \/>\nNek\u00fcnk, d\u00e9l-alf\u00f6ldieknek k\u00fcl\u00f6n\u00f6sen kedvesek a szegv\u00e1ri sz\u00fclet\u00e9s\u0171 \u00edr\u00f3 reg\u00e9nyei, \u00edgy az \u00dcnnepi K\u00f6nyvh\u00e9tre megjelent k\u00f6tet is.<\/p>\n<p>Grecs\u00f3 Kriszti\u00e1n Megyek ut\u00e1nad c\u00edm\u0171 reg\u00e9nye a szerz\u0151 eddigi legszem\u00e9lyesebb k\u00f6nyve egy f\u00e9rfir\u00f3l, akinek az \u00e9let\u00e9t, sors\u00e1nak alakul\u00e1s\u00e1t p\u00e1rkapcsolatain kereszt\u00fcl l\u00e1ttatja a szerz\u0151. A f\u0151h\u0151ssel eljutunk az \u00f3vod\u00e1s kori f\u00e9lt\u00e9kenys\u00e9gt\u0151l a feln\u0151ttkori megalkuv\u00e1sokig, az els\u0151 cs\u00f3kt\u00f3l az els\u0151 v\u00e1l\u00e1sig. A Megyek ut\u00e1nad m\u00e9gsem csak gy\u00f6ny\u00f6r\u0171 \u00e9s megr\u00e1z\u00f3 t\u00f6rt\u00e9netek sora az elvesztett \u00e9s a megtal\u00e1lt szerelemr\u0151l: ugyan\u00fagy jellemrajz, m\u00faltkutat\u00e1s \u00e9s m\u00e9lyf\u00far\u00e1s az eg\u00f3ba, az \u00e9nbe, mert a szem\u00e9lyes m\u00falt mindig szerelmeink, v\u00e1laszt\u00e1saink, j\u00f3 vagy rossz d\u00f6nt\u00e9seink k\u00e9rd\u00e9se. (hvg.hu)<\/p>\n<p>Aj\u00e1nl\u00f3:<br \/>\n<a href=\"http:\/\/www.revizoronline.com\/hu\/cikk\/5102\/beszelgetes-grecso-krisztiannal\/\" target=\"_blank\">Visz a vonat \u2013 besz\u00e9lget\u00e9s Grecs\u00f3 Kriszti\u00e1nnal<\/a> (revizoronline.com)<br \/>\n<a href=\"http:\/\/www.atv.hu\/videok\/video-20140515-grecso-krisztian-megyek-utanad\" target=\"_blank\">Megyek ut\u00e1nad \u2013 A Start Plusz vend\u00e9ge Grecs\u00f3 Kriszti\u00e1n<\/a> (vide\u00f3, atv.hu)<br \/>\n<a href=\"http:\/\/kotvefuzve.postr.hu\/grecso-krisztian-interju\" target=\"_blank\">Szigor\u00fa feketelist\u00e1k vannak \u2013 interj\u00fa Grecs\u00f3 Kriszti\u00e1nnal<\/a> (kotvefuzve.postr.hu)<br \/>\n<a href=\"http:\/\/hu.scribd.com\/doc\/225262846\/Grecso-Krisztian-Megyek-utanad\" target=\"_blank\">R\u00e9szlet a reg\u00e9nyb\u0151l<\/a><\/p>\n<h3>Kapcsol\u00f3d\u00f3 k\u00e9pek:<\/h3>","protected":false},"excerpt":{"rendered":"<p>Nek\u00fcnk, d\u00e9l-alf\u00f6ldieknek k\u00fcl\u00f6n\u00f6sen kedvesek a szegv\u00e1ri sz\u00fclet\u00e9s\u0171 \u00edr\u00f3 reg\u00e9nyei, \u00edgy az \u00dcnnepi K\u00f6nyvh\u00e9tre megjelent k\u00f6tet is. Grecs\u00f3 Kriszti\u00e1n Megyek ut\u00e1nad c\u00edm\u0171 reg\u00e9nye a szerz\u0151 eddigi legszem\u00e9lyesebb k\u00f6nyve egy f\u00e9rfir\u00f3l, akinek az \u00e9let\u00e9t, sors\u00e1nak alakul\u00e1s\u00e1t p\u00e1rkapcsolatain kereszt\u00fcl l\u00e1ttatja a szerz\u0151. A &hellip; <a href=\"http:\/\/olvasodelalfold.sk-szeged.hu\/?p=2205\">Folytat\u00e1s <span class=\"meta-nav\">&rarr;<\/span><\/a><\/p>\n","protected":false},"author":2,"featured_media":0,"comment_status":"closed","ping_status":"open","sticky":false,"template":"","format":"standard","meta":{"ngg_post_thumbnail":0,"footnotes":""},"categories":[83],"tags":[175],"class_list":["post-2205","post","type-post","status-publish","format-standard","hentry","category-felnotteknek","tag-grecso-krisztian"],"_links":{"self":[{"href":"http:\/\/olvasodelalfold.sk-szeged.hu\/index.php?rest_route=\/wp\/v2\/posts\/2205","targetHints":{"allow":["GET"]}}],"collection":[{"href":"http:\/\/olvasodelalfold.sk-szeged.hu\/index.php?rest_route=\/wp\/v2\/posts"}],"about":[{"href":"http:\/\/olvasodelalfold.sk-szeged.hu\/index.php?rest_route=\/wp\/v2\/types\/post"}],"author":[{"embeddable":true,"href":"http:\/\/olvasodelalfold.sk-szeged.hu\/index.php?rest_route=\/wp\/v2\/users\/2"}],"replies":[{"embeddable":true,"href":"http:\/\/olvasodelalfold.sk-szeged.hu\/index.php?rest_route=%2Fwp%2Fv2%2Fcomments&post=2205"}],"version-history":[{"count":6,"href":"http:\/\/olvasodelalfold.sk-szeged.hu\/index.php?rest_route=\/wp\/v2\/posts\/2205\/revisions"}],"predecessor-version":[{"id":2210,"href":"http:\/\/olvasodelalfold.sk-szeged.hu\/index.php?rest_route=\/wp\/v2\/posts\/2205\/revisions\/2210"}],"wp:attachment":[{"href":"http:\/\/olvasodelalfold.sk-szeged.hu\/index.php?rest_route=%2Fwp%2Fv2%2Fmedia&parent=2205"}],"wp:term":[{"taxonomy":"category","embeddable":true,"href":"http:\/\/olvasodelalfold.sk-szeged.hu\/index.php?rest_route=%2Fwp%2Fv2%2Fcategories&post=2205"},{"taxonomy":"post_tag","embeddable":true,"href":"http:\/\/olvasodelalfold.sk-szeged.hu\/index.php?rest_route=%2Fwp%2Fv2%2Ftags&post=2205"}],"curies":[{"name":"wp","href":"https:\/\/api.w.org\/{rel}","templated":true}]}}