{"id":2198,"date":"2014-06-19T20:40:54","date_gmt":"2014-06-19T18:40:54","guid":{"rendered":"http:\/\/olvasodelalfold.sk-szeged.hu\/?p=2198"},"modified":"2014-06-19T20:45:05","modified_gmt":"2014-06-19T18:45:05","slug":"muzeumok-konyvtari-ejszakaja-a-szegedi-somogyi-konyvtarban","status":"publish","type":"post","link":"http:\/\/olvasodelalfold.sk-szeged.hu\/?p=2198","title":{"rendered":"M\u00fazeumok K\u00f6nyvt\u00e1ri \u00c9jszak\u00e1ja a szegedi Somogyi-k\u00f6nyvt\u00e1rban"},"content":{"rendered":"<p><a href=\"http:\/\/olvasodelalfold.sk-szeged.hu\/wp-content\/uploads\/2014\/06\/muzeumok2014.jpg\"><img loading=\"lazy\" decoding=\"async\" class=\"alignleft  wp-image-2199\" alt=\"muzeumok2014\" src=\"http:\/\/olvasodelalfold.sk-szeged.hu\/wp-content\/uploads\/2014\/06\/muzeumok2014.jpg\" width=\"210\" height=\"262\" srcset=\"http:\/\/olvasodelalfold.sk-szeged.hu\/wp-content\/uploads\/2014\/06\/muzeumok2014.jpg 350w, http:\/\/olvasodelalfold.sk-szeged.hu\/wp-content\/uploads\/2014\/06\/muzeumok2014-240x300.jpg 240w\" sizes=\"auto, (max-width: 210px) 100vw, 210px\" \/><\/a><\/p>\n<p>Az orsz\u00e1g sok m\u00e1s kultur\u00e1lis int\u00e9zm\u00e9ny\u00e9hez hasonl\u00f3an a szegedi Somogyi-k\u00f6nyvt\u00e1r is &#8222;egy\u00e9jszak\u00e1s kalandra&#8221; h\u00edv <strong>j\u00fanius 21-\u00e9n<\/strong>, hogy &#8222;min\u00e9l t\u00f6bb kultur\u00e1lis \u00e9lm\u00e9ny sz\u00fclessen&#8221;! A k\u00f6nyvt\u00e1ri \u00e9jszaka term\u00e9szetesen az olvas\u00e1sr\u00f3l sz\u00f3l, csak egy kicsit m\u00e1sk\u00e9ppen: k\u00fcl\u00f6nleges, r\u00e9gi, f\u00e9ltve \u0151rz\u00f6tt, ritka k\u00f6nyvek lapjai t\u00e1rulnak fel a k\u00e9sei l\u00e1togat\u00f3k el\u0151tt. A m\u00e1skor z\u00e1rt gy\u0171jtem\u00e9nyek kincseib\u0151l tekinthetnek meg egy-egy v\u00e1logat\u00e1st azok, akik Szent Iv\u00e1n \u00e9jjel\u00e9n bet\u00e9rnek a k\u00f6nyvt\u00e1rba.<br \/>\nA legkisebbeket este 10 \u00f3r\u00e1ig j\u00e1t\u00e9kos feladatokkal v\u00e1rj\u00e1k a gyermekk\u00f6nyvt\u00e1rban.<\/p>\n<p><a href=\"http:\/\/www.sk-szeged.hu\/1663\" target=\"_blank\">R\u00c9SZLETES PROGRAM 18.00\u201324.00<\/a><\/p>\n<h3>Kapcsol\u00f3d\u00f3 k\u00e9pek:<\/h3>","protected":false},"excerpt":{"rendered":"<p>Az orsz\u00e1g sok m\u00e1s kultur\u00e1lis int\u00e9zm\u00e9ny\u00e9hez hasonl\u00f3an a szegedi Somogyi-k\u00f6nyvt\u00e1r is &#8222;egy\u00e9jszak\u00e1s kalandra&#8221; h\u00edv j\u00fanius 21-\u00e9n, hogy &#8222;min\u00e9l t\u00f6bb kultur\u00e1lis \u00e9lm\u00e9ny sz\u00fclessen&#8221;! A k\u00f6nyvt\u00e1ri \u00e9jszaka term\u00e9szetesen az olvas\u00e1sr\u00f3l sz\u00f3l, csak egy kicsit m\u00e1sk\u00e9ppen: k\u00fcl\u00f6nleges, r\u00e9gi, f\u00e9ltve \u0151rz\u00f6tt, ritka k\u00f6nyvek lapjai &hellip; <a href=\"http:\/\/olvasodelalfold.sk-szeged.hu\/?p=2198\">Folytat\u00e1s <span class=\"meta-nav\">&rarr;<\/span><\/a><\/p>\n","protected":false},"author":2,"featured_media":0,"comment_status":"closed","ping_status":"open","sticky":false,"template":"","format":"standard","meta":{"ngg_post_thumbnail":0,"footnotes":""},"categories":[137],"tags":[],"class_list":["post-2198","post","type-post","status-publish","format-standard","hentry","category-olvassunk-az-olvasasrol"],"_links":{"self":[{"href":"http:\/\/olvasodelalfold.sk-szeged.hu\/index.php?rest_route=\/wp\/v2\/posts\/2198","targetHints":{"allow":["GET"]}}],"collection":[{"href":"http:\/\/olvasodelalfold.sk-szeged.hu\/index.php?rest_route=\/wp\/v2\/posts"}],"about":[{"href":"http:\/\/olvasodelalfold.sk-szeged.hu\/index.php?rest_route=\/wp\/v2\/types\/post"}],"author":[{"embeddable":true,"href":"http:\/\/olvasodelalfold.sk-szeged.hu\/index.php?rest_route=\/wp\/v2\/users\/2"}],"replies":[{"embeddable":true,"href":"http:\/\/olvasodelalfold.sk-szeged.hu\/index.php?rest_route=%2Fwp%2Fv2%2Fcomments&post=2198"}],"version-history":[{"count":4,"href":"http:\/\/olvasodelalfold.sk-szeged.hu\/index.php?rest_route=\/wp\/v2\/posts\/2198\/revisions"}],"predecessor-version":[{"id":2203,"href":"http:\/\/olvasodelalfold.sk-szeged.hu\/index.php?rest_route=\/wp\/v2\/posts\/2198\/revisions\/2203"}],"wp:attachment":[{"href":"http:\/\/olvasodelalfold.sk-szeged.hu\/index.php?rest_route=%2Fwp%2Fv2%2Fmedia&parent=2198"}],"wp:term":[{"taxonomy":"category","embeddable":true,"href":"http:\/\/olvasodelalfold.sk-szeged.hu\/index.php?rest_route=%2Fwp%2Fv2%2Fcategories&post=2198"},{"taxonomy":"post_tag","embeddable":true,"href":"http:\/\/olvasodelalfold.sk-szeged.hu\/index.php?rest_route=%2Fwp%2Fv2%2Ftags&post=2198"}],"curies":[{"name":"wp","href":"https:\/\/api.w.org\/{rel}","templated":true}]}}