{"id":2015,"date":"2013-10-14T13:59:02","date_gmt":"2013-10-14T11:59:02","guid":{"rendered":"http:\/\/olvasodelalfold.sk-szeged.hu\/?p=2015"},"modified":"2013-10-21T14:36:11","modified_gmt":"2013-10-21T12:36:11","slug":"nok-es-a-munkavallalas","status":"publish","type":"post","link":"http:\/\/olvasodelalfold.sk-szeged.hu\/?p=2015","title":{"rendered":"N\u0151k \u00e9s a munkav\u00e1llal\u00e1s"},"content":{"rendered":"<p><a href=\"http:\/\/olvasodelalfold.sk-szeged.hu\/wp-content\/uploads\/2013\/10\/nok_munkavallalas.jpg\"><img loading=\"lazy\" decoding=\"async\" class=\"alignleft  wp-image-2016\" alt=\"nok_munkavallalas\" src=\"http:\/\/olvasodelalfold.sk-szeged.hu\/wp-content\/uploads\/2013\/10\/nok_munkavallalas.jpg\" width=\"246\" height=\"272\" srcset=\"http:\/\/olvasodelalfold.sk-szeged.hu\/wp-content\/uploads\/2013\/10\/nok_munkavallalas.jpg 351w, http:\/\/olvasodelalfold.sk-szeged.hu\/wp-content\/uploads\/2013\/10\/nok_munkavallalas-270x300.jpg 270w\" sizes=\"auto, (max-width: 246px) 100vw, 246px\" \/><\/a><\/p>\n<div id=\"stcpDiv\"><a href=\"http:\/\/olvasodelalfold.sk-szeged.hu\/?cat=86\">Cs\u00e1nyi Krisztina<\/a> emberi er\u0151forr\u00e1s-tan\u00e1csad\u00f3val m\u00e1r tal\u00e1lkozhattak <a href=\"http:\/\/olvasodelalfold.sk-szeged.hu\/?cat=9\">&#8222;A n\u0151 ezer arca&#8221;<\/a> programsorozat r\u00e9sztvev\u0151i. Okt\u00f3ber 15-\u00e9n, kedden d\u00e9lut\u00e1n 5 \u00f3rakor a szegedi Somogyi-k\u00f6nyvt\u00e1rban hallhatj\u00e1k \u0151t ism\u00e9t az \u00e9rdekl\u0151d\u0151k.<\/div>\n<p>A n\u0151k \u00e9let\u00e9t a munka vil\u00e1g\u00e1ban \u00e9rint\u0151 speci\u00e1lis k\u00e9rd\u00e9sek \u00e1llnak el\u0151ad\u00e1s\u00e1nak k\u00f6z\u00e9ppontj\u00e1ban. A v\u00e1ltoz\u00f3 n\u0151i szerepek kapcs\u00e1n sz\u00f3 lesz a csal\u00e1di \u00e9let \u00e9s a munka egyens\u00faly\u00e1r\u00f3l, valamint a n\u0151i karriertervez\u00e9sr\u0151l.<\/p>\n<div>\nngg_shortcode_0_placeholder\n<\/div>\n<h3>Kapcsol\u00f3d\u00f3 k\u00e9pek:<\/h3>","protected":false},"excerpt":{"rendered":"<p>Cs\u00e1nyi Krisztina emberi er\u0151forr\u00e1s-tan\u00e1csad\u00f3val m\u00e1r tal\u00e1lkozhattak &#8222;A n\u0151 ezer arca&#8221; programsorozat r\u00e9sztvev\u0151i. Okt\u00f3ber 15-\u00e9n, kedden d\u00e9lut\u00e1n 5 \u00f3rakor a szegedi Somogyi-k\u00f6nyvt\u00e1rban hallhatj\u00e1k \u0151t ism\u00e9t az \u00e9rdekl\u0151d\u0151k. A n\u0151k \u00e9let\u00e9t a munka vil\u00e1g\u00e1ban \u00e9rint\u0151 speci\u00e1lis k\u00e9rd\u00e9sek \u00e1llnak el\u0151ad\u00e1s\u00e1nak k\u00f6z\u00e9ppontj\u00e1ban. A v\u00e1ltoz\u00f3 &hellip; <a href=\"http:\/\/olvasodelalfold.sk-szeged.hu\/?p=2015\">Folytat\u00e1s <span class=\"meta-nav\">&rarr;<\/span><\/a><\/p>\n","protected":false},"author":2,"featured_media":0,"comment_status":"closed","ping_status":"open","sticky":false,"template":"","format":"standard","meta":{"ngg_post_thumbnail":0,"footnotes":""},"categories":[9,86],"tags":[],"class_list":["post-2015","post","type-post","status-publish","format-standard","hentry","category-a-no-ezer-arca","category-csanyi-krisztina"],"_links":{"self":[{"href":"http:\/\/olvasodelalfold.sk-szeged.hu\/index.php?rest_route=\/wp\/v2\/posts\/2015","targetHints":{"allow":["GET"]}}],"collection":[{"href":"http:\/\/olvasodelalfold.sk-szeged.hu\/index.php?rest_route=\/wp\/v2\/posts"}],"about":[{"href":"http:\/\/olvasodelalfold.sk-szeged.hu\/index.php?rest_route=\/wp\/v2\/types\/post"}],"author":[{"embeddable":true,"href":"http:\/\/olvasodelalfold.sk-szeged.hu\/index.php?rest_route=\/wp\/v2\/users\/2"}],"replies":[{"embeddable":true,"href":"http:\/\/olvasodelalfold.sk-szeged.hu\/index.php?rest_route=%2Fwp%2Fv2%2Fcomments&post=2015"}],"version-history":[{"count":7,"href":"http:\/\/olvasodelalfold.sk-szeged.hu\/index.php?rest_route=\/wp\/v2\/posts\/2015\/revisions"}],"predecessor-version":[{"id":2020,"href":"http:\/\/olvasodelalfold.sk-szeged.hu\/index.php?rest_route=\/wp\/v2\/posts\/2015\/revisions\/2020"}],"wp:attachment":[{"href":"http:\/\/olvasodelalfold.sk-szeged.hu\/index.php?rest_route=%2Fwp%2Fv2%2Fmedia&parent=2015"}],"wp:term":[{"taxonomy":"category","embeddable":true,"href":"http:\/\/olvasodelalfold.sk-szeged.hu\/index.php?rest_route=%2Fwp%2Fv2%2Fcategories&post=2015"},{"taxonomy":"post_tag","embeddable":true,"href":"http:\/\/olvasodelalfold.sk-szeged.hu\/index.php?rest_route=%2Fwp%2Fv2%2Ftags&post=2015"}],"curies":[{"name":"wp","href":"https:\/\/api.w.org\/{rel}","templated":true}]}}