{"id":1992,"date":"2013-10-08T09:35:28","date_gmt":"2013-10-08T07:35:28","guid":{"rendered":"http:\/\/olvasodelalfold.sk-szeged.hu\/?p=1992"},"modified":"2013-10-14T17:22:24","modified_gmt":"2013-10-14T15:22:24","slug":"fotografusnok-nok-a-fotografiakon","status":"publish","type":"post","link":"http:\/\/olvasodelalfold.sk-szeged.hu\/?p=1992","title":{"rendered":"Fotogr\u00e1fusn\u0151k \u2013 N\u0151k a fotogr\u00e1fi\u00e1kon"},"content":{"rendered":"<p><a href=\"http:\/\/olvasodelalfold.sk-szeged.hu\/wp-content\/uploads\/2013\/10\/noi_fotografusok.jpg\"><img loading=\"lazy\" decoding=\"async\" class=\"alignleft  wp-image-1998\" alt=\"noi_fotografusok\" src=\"http:\/\/olvasodelalfold.sk-szeged.hu\/wp-content\/uploads\/2013\/10\/noi_fotografusok.jpg\" width=\"200\" height=\"274\" srcset=\"http:\/\/olvasodelalfold.sk-szeged.hu\/wp-content\/uploads\/2013\/10\/noi_fotografusok.jpg 250w, http:\/\/olvasodelalfold.sk-szeged.hu\/wp-content\/uploads\/2013\/10\/noi_fotografusok-218x300.jpg 218w\" sizes=\"auto, (max-width: 200px) 100vw, 200px\" \/><\/a><\/p>\n<p>Az <a href=\"http:\/\/www.sk-szeged.hu\/1478\" target=\"_blank\">Orsz\u00e1gos K\u00f6nyvt\u00e1ri Napok<\/a> keret\u00e9ben okt\u00f3ber 9-\u00e9n, szerd\u00e1n d\u00e9lut\u00e1n f\u00e9l 5-kor l\u00e1thatj\u00e1k az \u00e9rdekl\u0151d\u0151k <strong>D\u00f6m\u00f6t\u00f6r Mih\u00e1ly<\/strong> fot\u00f3m\u0171v\u00e9sz vet\u00edtett k\u00e9pekkel illusztr\u00e1lt el\u0151ad\u00e1s\u00e1t a szegedi Somogyi-k\u00f6nyvt\u00e1rban.<\/p>\n<p><a href=\"http:\/\/olvasodelalfold.sk-szeged.hu\/?cat=9\">&#8222;A n\u0151 ezer arca&#8221;<\/a> programsorozat r\u00e9sztvev\u0151i m\u00e1r <a href=\"http:\/\/olvasodelalfold.sk-szeged.hu\/?cat=68\">tal\u00e1lkozhattak az el\u0151ad\u00f3val<\/a>, \u00e9s most azok is elmer\u00fclhetnek a t\u00e9m\u00e1ban, akik nem kapcsol\u00f3dtak be\u00a0az <strong>Olvas\u00f3 D\u00e9l-Alf\u00f6ld<\/strong> foglalkoz\u00e1saiba.<\/p>\n<div id=\"stcpDiv\">&#8222;&#8230; azt szeretn\u00e9m a k\u00f6z\u00f6ns\u00e9ggel megosztani, hogy n\u0151 fotogr\u00e1fusok, fot\u00f3m\u0171v\u00e9szn\u0151k a maguk speci\u00e1lis n\u0151i l\u00e1t\u00e1sm\u00f3dj\u00e1val, hogyan gazdag\u00edtott\u00e1k a fot\u00f3m\u0171v\u00e9szetet \u00e9s ezen kereszt\u00fcl val\u00f3s\u00e1gl\u00e1t\u00e1sunkat.&#8221;<br \/>\nAz el\u0151ad\u00e1sr\u00f3l \u00e9s D\u00f6m\u00f6t\u00f6r Mih\u00e1lyr\u00f3l <a href=\"http:\/\/www.sk-szeged.hu\/1485\" target=\"_blank\">itt olvashatnak t\u00f6bbet<\/a>.<\/div>\n<p>Megtekint\u00e9sre aj\u00e1nljuk az <a href=\"http:\/\/enciklopediakiado.hu\/?p=140\" target=\"_blank\">E. Csorba Csilla Magyar fotogr\u00e1fusn\u0151k<\/a> c\u00edm\u0171 k\u00f6tet\u00e9hez (a fenti k\u00e9p ebben l\u00e1that\u00f3) felt\u00f6lt\u00f6tt <a href=\"http:\/\/www.c3.hu\/~encipubl\/g_csorba\/gallery.htm\" target=\"_blank\">online gal\u00e9ri\u00e1t<\/a>.<\/p>\nngg_shortcode_0_placeholder\n<h3>Kapcsol\u00f3d\u00f3 k\u00e9pek:<\/h3>","protected":false},"excerpt":{"rendered":"<p>Az Orsz\u00e1gos K\u00f6nyvt\u00e1ri Napok keret\u00e9ben okt\u00f3ber 9-\u00e9n, szerd\u00e1n d\u00e9lut\u00e1n f\u00e9l 5-kor l\u00e1thatj\u00e1k az \u00e9rdekl\u0151d\u0151k D\u00f6m\u00f6t\u00f6r Mih\u00e1ly fot\u00f3m\u0171v\u00e9sz vet\u00edtett k\u00e9pekkel illusztr\u00e1lt el\u0151ad\u00e1s\u00e1t a szegedi Somogyi-k\u00f6nyvt\u00e1rban. &#8222;A n\u0151 ezer arca&#8221; programsorozat r\u00e9sztvev\u0151i m\u00e1r tal\u00e1lkozhattak az el\u0151ad\u00f3val, \u00e9s most azok is elmer\u00fclhetnek a &hellip; <a href=\"http:\/\/olvasodelalfold.sk-szeged.hu\/?p=1992\">Folytat\u00e1s <span class=\"meta-nav\">&rarr;<\/span><\/a><\/p>\n","protected":false},"author":2,"featured_media":0,"comment_status":"closed","ping_status":"open","sticky":false,"template":"","format":"standard","meta":{"ngg_post_thumbnail":0,"footnotes":""},"categories":[9,68],"tags":[],"class_list":["post-1992","post","type-post","status-publish","format-standard","hentry","category-a-no-ezer-arca","category-domotor-mihaly"],"_links":{"self":[{"href":"http:\/\/olvasodelalfold.sk-szeged.hu\/index.php?rest_route=\/wp\/v2\/posts\/1992","targetHints":{"allow":["GET"]}}],"collection":[{"href":"http:\/\/olvasodelalfold.sk-szeged.hu\/index.php?rest_route=\/wp\/v2\/posts"}],"about":[{"href":"http:\/\/olvasodelalfold.sk-szeged.hu\/index.php?rest_route=\/wp\/v2\/types\/post"}],"author":[{"embeddable":true,"href":"http:\/\/olvasodelalfold.sk-szeged.hu\/index.php?rest_route=\/wp\/v2\/users\/2"}],"replies":[{"embeddable":true,"href":"http:\/\/olvasodelalfold.sk-szeged.hu\/index.php?rest_route=%2Fwp%2Fv2%2Fcomments&post=1992"}],"version-history":[{"count":8,"href":"http:\/\/olvasodelalfold.sk-szeged.hu\/index.php?rest_route=\/wp\/v2\/posts\/1992\/revisions"}],"predecessor-version":[{"id":2025,"href":"http:\/\/olvasodelalfold.sk-szeged.hu\/index.php?rest_route=\/wp\/v2\/posts\/1992\/revisions\/2025"}],"wp:attachment":[{"href":"http:\/\/olvasodelalfold.sk-szeged.hu\/index.php?rest_route=%2Fwp%2Fv2%2Fmedia&parent=1992"}],"wp:term":[{"taxonomy":"category","embeddable":true,"href":"http:\/\/olvasodelalfold.sk-szeged.hu\/index.php?rest_route=%2Fwp%2Fv2%2Fcategories&post=1992"},{"taxonomy":"post_tag","embeddable":true,"href":"http:\/\/olvasodelalfold.sk-szeged.hu\/index.php?rest_route=%2Fwp%2Fv2%2Ftags&post=1992"}],"curies":[{"name":"wp","href":"https:\/\/api.w.org\/{rel}","templated":true}]}}