{"id":1986,"date":"2013-09-30T22:18:17","date_gmt":"2013-09-30T20:18:17","guid":{"rendered":"http:\/\/olvasodelalfold.sk-szeged.hu\/?p=1986"},"modified":"2013-10-14T17:21:48","modified_gmt":"2013-10-14T15:21:48","slug":"konyv-es-programajanlo-koltai-robert-moricz-estje","status":"publish","type":"post","link":"http:\/\/olvasodelalfold.sk-szeged.hu\/?p=1986","title":{"rendered":"K\u00f6nyv- \u00e9s programaj\u00e1nl\u00f3: Koltai R\u00f3bert M\u00f3ricz-estje"},"content":{"rendered":"<p><a href=\"http:\/\/olvasodelalfold.sk-szeged.hu\/wp-content\/uploads\/2013\/09\/koltai.jpg\"><img loading=\"lazy\" decoding=\"async\" class=\"alignleft\" alt=\"koltai\" src=\"http:\/\/olvasodelalfold.sk-szeged.hu\/wp-content\/uploads\/2013\/09\/koltai.jpg\" width=\"240\" height=\"230\" \/><\/a><\/p>\n<p>Az <a href=\"http:\/\/www.sk-szeged.hu\/1478\" target=\"_blank\">Orsz\u00e1gos K\u00f6nyvt\u00e1ri Napok<\/a> keret\u00e9ben\u00a0 <a href=\"http:\/\/www.sk-szeged.hu\/1475\" target=\"_blank\">Koltai R\u00f3bert \u00f6n\u00e1ll\u00f3 estj\u00e9t<\/a> okt\u00f3ber 3-\u00e1n 17 \u00f3r\u00e1t\u00f3l tekinthetik meg az \u00e9rdekl\u0151d\u0151k a szegedi Somogyi-k\u00f6nyvt\u00e1rban. A M\u00f3ricz-napl\u00f3 nyom\u00e1n rendezett el\u0151ad\u00e1s <strong>az Olvas\u00f3 D\u00e9l-Alf\u00f6ld program t\u00e1mogat\u00e1s\u00e1val<\/strong>\u00a0 val\u00f3sulhat meg.<\/p>\n<p>&#8222;M\u00f3ricz Zsigmond 1924\u201325-\u00f6s napl\u00f3ja a gy\u00f3n\u00e1sn\u00e1l is t\u00f6bb: \u00e9lveboncol\u00e1s. Heroikus harc szeretteivel \u00e9s \u00f6nmag\u00e1val \u2013 a szerelem\u00e9rt. A szerelem\u00e9rt \u00e9s a v\u00e9gtelen munk\u00e1\u00e9rt. A k\u00f6zel ezer oldalas napl\u00f3b\u00f3l leny\u0171g\u00f6z\u0151, eddig ismeretlen M\u00f3ricz-k\u00e9p t\u00e1rul el\u00e9nk. K\u00fczdelmes \u00e9vek a m\u0171v\u00e9szi szabads\u00e1g\u00e9rt \u00e9s az \u00edr\u00f3i l\u00e9t\u00e9rt. Sz\u00edvdobogtat\u00f3an felzaklat\u00f3, izgalmas olvasm\u00e1ny. M\u00f3ricz var\u00e1zslatosan \u00e9s gyakran \u00f6nmag\u00e1t sem k\u00edm\u00e9l\u0151 kegyetlens\u00e9ggel \u00edr. Legnagyobb meglepet\u00e9semre a m\u0171b\u0151l az \u00f6rd\u00f6gi humor \u00e9s az ir\u00f3nia sem hi\u00e1nyzik.<br \/>\nAmikor megismertem B. T\u00f6r\u00f6k Fruzsina szerkeszt\u0151 sz\u00ednpadra sz\u00e1nt munk\u00e1j\u00e1t, arra gondoltam, ha a k\u00f6z\u00f6ns\u00e9gre csak fele akkora hat\u00e1ssal lesz a m\u0171, mint r\u00e1m, m\u00e1r akkor is katartikus sz\u00ednh\u00e1zi est\u00e9nek lesz\u00fcnk r\u00e9szesei.&#8221; (Koltai R\u00f3bert)<\/p>\n<p>Az el\u0151ad\u00e1s mell\u00e9 olvasnival\u00f3nak term\u00e9szetesen M\u00f3ricz 1924\u201325-\u00f6s napl\u00f3j\u00e1t aj\u00e1nljuk:<br \/>\n<a href=\"http:\/\/www.alfoldfolyoirat.hu\/node\/271\" target=\"_blank\">Az igazi M\u00f3ricz<\/a> (Alf\u00f6ld foly\u00f3irat)<\/p>\nngg_shortcode_0_placeholder\n<h3>Kapcsol\u00f3d\u00f3 k\u00e9pek:<\/h3>","protected":false},"excerpt":{"rendered":"<p>Az Orsz\u00e1gos K\u00f6nyvt\u00e1ri Napok keret\u00e9ben\u00a0 Koltai R\u00f3bert \u00f6n\u00e1ll\u00f3 estj\u00e9t okt\u00f3ber 3-\u00e1n 17 \u00f3r\u00e1t\u00f3l tekinthetik meg az \u00e9rdekl\u0151d\u0151k a szegedi Somogyi-k\u00f6nyvt\u00e1rban. A M\u00f3ricz-napl\u00f3 nyom\u00e1n rendezett el\u0151ad\u00e1s az Olvas\u00f3 D\u00e9l-Alf\u00f6ld program t\u00e1mogat\u00e1s\u00e1val\u00a0 val\u00f3sulhat meg. &#8222;M\u00f3ricz Zsigmond 1924\u201325-\u00f6s napl\u00f3ja a gy\u00f3n\u00e1sn\u00e1l is t\u00f6bb: &hellip; <a href=\"http:\/\/olvasodelalfold.sk-szeged.hu\/?p=1986\">Folytat\u00e1s <span class=\"meta-nav\">&rarr;<\/span><\/a><\/p>\n","protected":false},"author":2,"featured_media":0,"comment_status":"closed","ping_status":"open","sticky":false,"template":"","format":"standard","meta":{"ngg_post_thumbnail":0,"footnotes":""},"categories":[83],"tags":[158,155],"class_list":["post-1986","post","type-post","status-publish","format-standard","hentry","category-felnotteknek","tag-koltai-robert","tag-moricz-zsigmond"],"_links":{"self":[{"href":"http:\/\/olvasodelalfold.sk-szeged.hu\/index.php?rest_route=\/wp\/v2\/posts\/1986","targetHints":{"allow":["GET"]}}],"collection":[{"href":"http:\/\/olvasodelalfold.sk-szeged.hu\/index.php?rest_route=\/wp\/v2\/posts"}],"about":[{"href":"http:\/\/olvasodelalfold.sk-szeged.hu\/index.php?rest_route=\/wp\/v2\/types\/post"}],"author":[{"embeddable":true,"href":"http:\/\/olvasodelalfold.sk-szeged.hu\/index.php?rest_route=\/wp\/v2\/users\/2"}],"replies":[{"embeddable":true,"href":"http:\/\/olvasodelalfold.sk-szeged.hu\/index.php?rest_route=%2Fwp%2Fv2%2Fcomments&post=1986"}],"version-history":[{"count":5,"href":"http:\/\/olvasodelalfold.sk-szeged.hu\/index.php?rest_route=\/wp\/v2\/posts\/1986\/revisions"}],"predecessor-version":[{"id":1989,"href":"http:\/\/olvasodelalfold.sk-szeged.hu\/index.php?rest_route=\/wp\/v2\/posts\/1986\/revisions\/1989"}],"wp:attachment":[{"href":"http:\/\/olvasodelalfold.sk-szeged.hu\/index.php?rest_route=%2Fwp%2Fv2%2Fmedia&parent=1986"}],"wp:term":[{"taxonomy":"category","embeddable":true,"href":"http:\/\/olvasodelalfold.sk-szeged.hu\/index.php?rest_route=%2Fwp%2Fv2%2Fcategories&post=1986"},{"taxonomy":"post_tag","embeddable":true,"href":"http:\/\/olvasodelalfold.sk-szeged.hu\/index.php?rest_route=%2Fwp%2Fv2%2Ftags&post=1986"}],"curies":[{"name":"wp","href":"https:\/\/api.w.org\/{rel}","templated":true}]}}