{"id":1979,"date":"2013-09-20T18:27:21","date_gmt":"2013-09-20T16:27:21","guid":{"rendered":"http:\/\/olvasodelalfold.sk-szeged.hu\/?p=1979"},"modified":"2013-09-20T18:31:35","modified_gmt":"2013-09-20T16:31:35","slug":"iro-nok-vagy-ironok-nok-es-noi-szerepek-az-irodalmi-eletben","status":"publish","type":"post","link":"http:\/\/olvasodelalfold.sk-szeged.hu\/?p=1979","title":{"rendered":"\u00cdr\u00f3 n\u0151k vagy \u00edr\u00f3n\u0151k? \u2013 N\u0151k \u00e9s n\u0151i szerepek az irodalmi \u00e9letben"},"content":{"rendered":"<p><a href=\"http:\/\/olvasodelalfold.sk-szeged.hu\/wp-content\/uploads\/2013\/09\/sabine_weiss.jpg\"><img loading=\"lazy\" decoding=\"async\" class=\"alignleft  wp-image-1980\" alt=\"sabine_weiss\" src=\"http:\/\/olvasodelalfold.sk-szeged.hu\/wp-content\/uploads\/2013\/09\/sabine_weiss.jpg\" width=\"284\" height=\"234\" srcset=\"http:\/\/olvasodelalfold.sk-szeged.hu\/wp-content\/uploads\/2013\/09\/sabine_weiss.jpg 355w, http:\/\/olvasodelalfold.sk-szeged.hu\/wp-content\/uploads\/2013\/09\/sabine_weiss-300x246.jpg 300w\" sizes=\"auto, (max-width: 284px) 100vw, 284px\" \/><\/a><\/p>\n<p>K\u00e9t cikket aj\u00e1nlunk a honlap l\u00e1togat\u00f3inak Nem csup\u00e1n <a href=\"http:\/\/olvasodelalfold.sk-szeged.hu\/?cat=9\">&#8222;A n\u0151 ezer arca&#8221;<\/a> programsorozat r\u00e9sztvev\u0151inek, de mindenk\u00e9ppen a foglalkoz\u00e1sok tematik\u00e1j\u00e1hoz kapcsol\u00f3d\u00f3an.<\/p>\n<p>&#8222;K\u00f6z\u00f6lheti-e \u00edr\u00e1sait egy n\u0151? Mi k\u00e9szteti a n\u0151ket az \u00edr\u00e1sra? Kil\u00e9phet-e egy n\u0151 \u2013 \u00f6nmag\u00e1nak \u00e9s a csal\u00e1dj\u00e1nak okozott k\u00e1r n\u00e9lk\u00fcl \u2013 a csal\u00e1di \u00e9let hagyom\u00e1nyosan megszabott kereteib\u0151l? Milyen t\u00e1rsadalmi szerepk\u00f6r\u00f6k illetik meg a n\u0151ket, s milyen viselked\u00e9si norm\u00e1khoz kell igazodniuk? A nyilv\u00e1noss\u00e1g el\u0151tt, k\u00f6z\u00e9rdek\u0171 k\u00e9rd\u00e9sekben is kifejthetik-e a v\u00e9lem\u00e9ny\u00fcket, mondhatnak-e b\u00edr\u00e1latot p\u00e9ld\u00e1ul a f\u00e9rfiak munk\u00e1j\u00e1r\u00f3l? Meghaladhatj\u00e1k-e a dilett\u00e1ns szerepk\u00f6r\u00e9t an\u00e9lk\u00fcl, hogy n\u0151ietlenn\u00e9 v\u00e1ln\u00e1nak? Lehet-e bel\u0151l\u00fck valaha is professzionalista? \u00cdme a n\u0151k irodalmi szerepl\u00e9s\u00e9vel kapcsolatos vita f\u0151bb k\u00e9rd\u00e9sei a 19. sz\u00e1zadban.&#8221; (<a href=\"http:\/\/www.rubicon.hu\/magyar\/oldalak\/iro_nok_vagy_ironok_a_noi_dilettantizmus_es_professzionalizmus_kerdese_a_19_szazadi_magyar_irodalomb\/\" target=\"_blank\">Tov\u00e1bb: F\u00e1bri Anna \u00edr\u00e1sa<\/a>)<\/p>\n<p>&#8222;Irodalom \u00e9s n\u0151k, n\u0151k \u00e9s irodalom? N\u0151k az irodalmi \u00e9letben? Megannyi k\u00e9tes, sikaml\u00f3s k\u00e9rd\u00e9s. Milyen hat\u00e1ssal lehetnek egy kor irodalm\u00e1nak alakul\u00e1s\u00e1ra a n\u0151k, akik nem a literat\u00fara valamely v\u00e1lfaj\u00e1t m\u0171velik, \u00e1m ilyen-olyan okok miatt m\u00e9gis a szellemi-m\u0171v\u00e9szeti folyamat eleven\u00e9ben vannak? A felvet\u00e9s m\u00e1r csak az\u00e9rt sem \u00e9rdektelen, mert a h\u00faszas-harmincas \u00e9vekben a hagyom\u00e1nyosan f\u00e9rfik\u00f6zpont\u00fa irodalmi int\u00e9zm\u00e9nyrendszerben is egyre jelent\u0151sebb, egyre meghat\u00e1roz\u00f3bb s\u00fallyal vettek r\u00e9szt a n\u0151k, saj\u00e1tos n\u0151i szerepeik felhaszn\u00e1l\u00e1s\u00e1val.&#8221;\u00a0(<a href=\"http:\/\/www.rubicon.hu\/magyar\/oldalak\/a_nyugat_asszonyai_nok_es_noi_szerepek_az_irodalmi_eletben\/\" target=\"_blank\">Tov\u00e1bb: Fr\u00e1ter Zolt\u00e1n \u00edr\u00e1sa<\/a>)<\/p>\n<h3>Kapcsol\u00f3d\u00f3 k\u00e9pek:<\/h3>","protected":false},"excerpt":{"rendered":"<p>K\u00e9t cikket aj\u00e1nlunk a honlap l\u00e1togat\u00f3inak Nem csup\u00e1n &#8222;A n\u0151 ezer arca&#8221; programsorozat r\u00e9sztvev\u0151inek, de mindenk\u00e9ppen a foglalkoz\u00e1sok tematik\u00e1j\u00e1hoz kapcsol\u00f3d\u00f3an. &#8222;K\u00f6z\u00f6lheti-e \u00edr\u00e1sait egy n\u0151? Mi k\u00e9szteti a n\u0151ket az \u00edr\u00e1sra? Kil\u00e9phet-e egy n\u0151 \u2013 \u00f6nmag\u00e1nak \u00e9s a csal\u00e1dj\u00e1nak okozott k\u00e1r &hellip; <a href=\"http:\/\/olvasodelalfold.sk-szeged.hu\/?p=1979\">Folytat\u00e1s <span class=\"meta-nav\">&rarr;<\/span><\/a><\/p>\n","protected":false},"author":2,"featured_media":0,"comment_status":"closed","ping_status":"open","sticky":false,"template":"","format":"standard","meta":{"ngg_post_thumbnail":0,"footnotes":""},"categories":[9],"tags":[],"class_list":["post-1979","post","type-post","status-publish","format-standard","hentry","category-a-no-ezer-arca"],"_links":{"self":[{"href":"http:\/\/olvasodelalfold.sk-szeged.hu\/index.php?rest_route=\/wp\/v2\/posts\/1979","targetHints":{"allow":["GET"]}}],"collection":[{"href":"http:\/\/olvasodelalfold.sk-szeged.hu\/index.php?rest_route=\/wp\/v2\/posts"}],"about":[{"href":"http:\/\/olvasodelalfold.sk-szeged.hu\/index.php?rest_route=\/wp\/v2\/types\/post"}],"author":[{"embeddable":true,"href":"http:\/\/olvasodelalfold.sk-szeged.hu\/index.php?rest_route=\/wp\/v2\/users\/2"}],"replies":[{"embeddable":true,"href":"http:\/\/olvasodelalfold.sk-szeged.hu\/index.php?rest_route=%2Fwp%2Fv2%2Fcomments&post=1979"}],"version-history":[{"count":4,"href":"http:\/\/olvasodelalfold.sk-szeged.hu\/index.php?rest_route=\/wp\/v2\/posts\/1979\/revisions"}],"predecessor-version":[{"id":1982,"href":"http:\/\/olvasodelalfold.sk-szeged.hu\/index.php?rest_route=\/wp\/v2\/posts\/1979\/revisions\/1982"}],"wp:attachment":[{"href":"http:\/\/olvasodelalfold.sk-szeged.hu\/index.php?rest_route=%2Fwp%2Fv2%2Fmedia&parent=1979"}],"wp:term":[{"taxonomy":"category","embeddable":true,"href":"http:\/\/olvasodelalfold.sk-szeged.hu\/index.php?rest_route=%2Fwp%2Fv2%2Fcategories&post=1979"},{"taxonomy":"post_tag","embeddable":true,"href":"http:\/\/olvasodelalfold.sk-szeged.hu\/index.php?rest_route=%2Fwp%2Fv2%2Ftags&post=1979"}],"curies":[{"name":"wp","href":"https:\/\/api.w.org\/{rel}","templated":true}]}}