{"id":1970,"date":"2013-05-20T17:55:13","date_gmt":"2013-05-20T15:55:13","guid":{"rendered":"http:\/\/olvasodelalfold.sk-szeged.hu\/?p=1970"},"modified":"2013-09-19T08:40:07","modified_gmt":"2013-09-19T06:40:07","slug":"xx-szazadi-magyar-szinhaz-katona-jozsef-bank-ban","status":"publish","type":"post","link":"http:\/\/olvasodelalfold.sk-szeged.hu\/?p=1970","title":{"rendered":"XX. sz\u00e1zadi magyar sz\u00ednh\u00e1z \u2013 Katona J\u00f3zsef: B\u00e1nk b\u00e1n"},"content":{"rendered":"<p><a href=\"http:\/\/olvasodelalfold.sk-szeged.hu\/wp-content\/uploads\/2013\/09\/bank_ban.jpg\"><img loading=\"lazy\" decoding=\"async\" class=\"alignleft  wp-image-1971\" alt=\"OLYMPUS DIGITAL CAMERA\" src=\"http:\/\/olvasodelalfold.sk-szeged.hu\/wp-content\/uploads\/2013\/09\/bank_ban.jpg\" width=\"204\" height=\"356\" \/><\/a><strong><br \/>\n<\/strong>A <strong>Mi is olvasunk, csak m\u00e1sk\u00e9ppen<\/strong> programsorozat 6. tal\u00e1lkoz\u00f3ja<\/p>\n<p>A rendez\u0151 szerepe, a m\u0171 \u00fajra\u00e9rtelmez\u00e9s\u00e9ben, a darab aktualit\u00e1sa most \u00e9s egykor \u2013 el\u0151ad\u00f3: Vancs\u00f3 Marianna<\/p>\n<p>&#8222;A m\u0171 sorsa maga is magyar trag\u00e9dia: a p\u00e1ly\u00e1zaton \u00e9szrev\u00e9tlen\u00fcl marad, a cenz\u00fara pedig a n\u00e1dori hatalom kiemel\u00e9se miatt nem enged\u00e9lyezi el\u0151ad\u00e1s\u00e1t, \u00e9s Katona elhallgat \u00f6r\u00f6kre. A darab nagy- szer\u0171s\u00e9g\u00e9t csak hal\u00e1la ut\u00e1n ismerik fel, amikor 1834-ben Kolozsv\u00e1rott <i>Egressy G\u00e1bor <\/i>nagy sz\u00edn\u00e9sz\u00fcnk jutalomj\u00e1t\u00e9kul v\u00e1lasztja. 1839-ben bevonul az \u00fajonnan megny\u00edlt Nemzeti Sz\u00ednh\u00e1zba, s ezzel megkezd\u0151dik halhatatlans\u00e1g\u00e1nak \u00fatja.&#8221; (<a href=\"http:\/\/ujember.katolikus.hu\/Archivum\/2003.02.16\/1101.html\" target=\"_blank\"><b>A B\u00e1nk b\u00e1n mindig id\u0151szer\u0171<\/b><\/a>)<\/p>\n<blockquote>\n<ul>\n<li>A Somogyi-k\u00f6nyvt\u00e1r Hangosk\u00f6nyvt\u00e1ra<br \/>\n2013. m\u00e1jus 24.<\/li>\n<\/ul>\n<\/blockquote>\n<h3>Kapcsol\u00f3d\u00f3 k\u00e9pek:<\/h3>","protected":false},"excerpt":{"rendered":"<p>A Mi is olvasunk, csak m\u00e1sk\u00e9ppen programsorozat 6. tal\u00e1lkoz\u00f3ja A rendez\u0151 szerepe, a m\u0171 \u00fajra\u00e9rtelmez\u00e9s\u00e9ben, a darab aktualit\u00e1sa most \u00e9s egykor \u2013 el\u0151ad\u00f3: Vancs\u00f3 Marianna &#8222;A m\u0171 sorsa maga is magyar trag\u00e9dia: a p\u00e1ly\u00e1zaton \u00e9szrev\u00e9tlen\u00fcl marad, a cenz\u00fara pedig a &hellip; <a href=\"http:\/\/olvasodelalfold.sk-szeged.hu\/?p=1970\">Folytat\u00e1s <span class=\"meta-nav\">&rarr;<\/span><\/a><\/p>\n","protected":false},"author":2,"featured_media":0,"comment_status":"closed","ping_status":"open","sticky":false,"template":"","format":"standard","meta":{"ngg_post_thumbnail":0,"footnotes":""},"categories":[30,46,157],"tags":[],"class_list":["post-1970","post","type-post","status-publish","format-standard","hentry","category-mi-is-olvasunk-csak","category-szeged","category-vancso-marianna"],"_links":{"self":[{"href":"http:\/\/olvasodelalfold.sk-szeged.hu\/index.php?rest_route=\/wp\/v2\/posts\/1970","targetHints":{"allow":["GET"]}}],"collection":[{"href":"http:\/\/olvasodelalfold.sk-szeged.hu\/index.php?rest_route=\/wp\/v2\/posts"}],"about":[{"href":"http:\/\/olvasodelalfold.sk-szeged.hu\/index.php?rest_route=\/wp\/v2\/types\/post"}],"author":[{"embeddable":true,"href":"http:\/\/olvasodelalfold.sk-szeged.hu\/index.php?rest_route=\/wp\/v2\/users\/2"}],"replies":[{"embeddable":true,"href":"http:\/\/olvasodelalfold.sk-szeged.hu\/index.php?rest_route=%2Fwp%2Fv2%2Fcomments&post=1970"}],"version-history":[{"count":6,"href":"http:\/\/olvasodelalfold.sk-szeged.hu\/index.php?rest_route=\/wp\/v2\/posts\/1970\/revisions"}],"predecessor-version":[{"id":1977,"href":"http:\/\/olvasodelalfold.sk-szeged.hu\/index.php?rest_route=\/wp\/v2\/posts\/1970\/revisions\/1977"}],"wp:attachment":[{"href":"http:\/\/olvasodelalfold.sk-szeged.hu\/index.php?rest_route=%2Fwp%2Fv2%2Fmedia&parent=1970"}],"wp:term":[{"taxonomy":"category","embeddable":true,"href":"http:\/\/olvasodelalfold.sk-szeged.hu\/index.php?rest_route=%2Fwp%2Fv2%2Fcategories&post=1970"},{"taxonomy":"post_tag","embeddable":true,"href":"http:\/\/olvasodelalfold.sk-szeged.hu\/index.php?rest_route=%2Fwp%2Fv2%2Ftags&post=1970"}],"curies":[{"name":"wp","href":"https:\/\/api.w.org\/{rel}","templated":true}]}}