{"id":1964,"date":"2013-09-15T21:17:18","date_gmt":"2013-09-15T19:17:18","guid":{"rendered":"http:\/\/olvasodelalfold.sk-szeged.hu\/?p=1964"},"modified":"2013-09-15T21:21:28","modified_gmt":"2013-09-15T19:21:28","slug":"konyvajanlo-kerekes-pal-konyvsokk","status":"publish","type":"post","link":"http:\/\/olvasodelalfold.sk-szeged.hu\/?p=1964","title":{"rendered":"K\u00f6nyvaj\u00e1nl\u00f3 \u2013 Kerekes P\u00e1l: K\u00f6nyvsokk"},"content":{"rendered":"<p><a href=\"http:\/\/olvasodelalfold.sk-szeged.hu\/wp-content\/uploads\/2013\/09\/konyvsokk.jpg\"><img loading=\"lazy\" decoding=\"async\" class=\"alignleft size-full wp-image-1965\" alt=\"konyvsokk\" src=\"http:\/\/olvasodelalfold.sk-szeged.hu\/wp-content\/uploads\/2013\/09\/konyvsokk.jpg\" width=\"224\" height=\"328\" srcset=\"http:\/\/olvasodelalfold.sk-szeged.hu\/wp-content\/uploads\/2013\/09\/konyvsokk.jpg 224w, http:\/\/olvasodelalfold.sk-szeged.hu\/wp-content\/uploads\/2013\/09\/konyvsokk-204x300.jpg 204w\" sizes=\"auto, (max-width: 224px) 100vw, 224px\" \/><\/a><\/p>\n<p>Nem is igaz\u00e1n &#8222;k\u00f6nyv&#8221;, amit most aj\u00e1nlunk. Vagy m\u00e9gis? Egy e-bookot k\u00edn\u00e1lunk olvas\u00e1sra, hiszen a m\u0171faj l\u00e9tjogosults\u00e1ga m\u00e1ra megk\u00e9rd\u0151jelezhetetlen. Hagyom\u00e1nyos vagy elektronikus k\u00f6nyv? Avagy egy\u00fctt, egym\u00e1s mellett mindkett\u0151?<\/p>\n<p>&#8222;A k\u00f6nyv nem csak tartalom, kultikus t\u00e1rgy is. A Gutenberg-galaxis milli\u00e1rdnyi kis csillaga egy-egy k\u00f6tet. Rangj\u00e1n is kezelik a legt\u00f6bb csal\u00e1dban, \u00f3vj\u00e1k, vigy\u00e1zz\u00e1k a becses darabokat. De mi legyen az e-bookkal, ahol nincs fizik\u00e1lis megfoghat\u00f3s\u00e1g? Ilyen \u00e9s hasonl\u00f3 \u00edzl\u00e9s-<br \/>\n\u00e9s olvas\u00e1skonfliktusokkal foglalkozik Kerekes P\u00e1l \u00faj k\u00f6nyve, a K\u00f6nyvsokk. A k\u00f6tetet eredeti inici\u00e1l\u00e9k d\u00edsz\u00edtik.&#8221; \u2013 olvashat\u00f3 a m\u0171r\u0151l a Publio Kiad\u00f3 Facebook-oldal\u00e1n.<\/p>\n<p><a href=\"http:\/\/konyvaruhaz.info\/hu_HU\/konyvsokk7\" target=\"_blank\">A k\u00f6nyv vesz\u00e9lybe ker\u00fclt&#8230;<\/a> (Publio K\u00f6nyv\u00e1ruh\u00e1z)<\/p>\n<p>Kerekes P\u00e1l informatikus k\u00f6nyvt\u00e1ros v\u00e9gzetts\u00e9g\u0171 informatikai szak\u00fajs\u00e1g\u00edr\u00f3. Kutat\u00e1si ter\u00fclete az elektronikus k\u00f6nyv. Alap\u00edt\u00f3ja \u00e9s szerkeszt\u0151je a <a href=\"http:\/\/konyvkonnektor.hu\/\" target=\"_blank\">K\u00f6nyvkonnektor<\/a> online bibliokult magazinnak.<\/p>\n<h3>Kapcsol\u00f3d\u00f3 k\u00e9pek:<\/h3>","protected":false},"excerpt":{"rendered":"<p>Nem is igaz\u00e1n &#8222;k\u00f6nyv&#8221;, amit most aj\u00e1nlunk. Vagy m\u00e9gis? Egy e-bookot k\u00edn\u00e1lunk olvas\u00e1sra, hiszen a m\u0171faj l\u00e9tjogosults\u00e1ga m\u00e1ra megk\u00e9rd\u0151jelezhetetlen. Hagyom\u00e1nyos vagy elektronikus k\u00f6nyv? Avagy egy\u00fctt, egym\u00e1s mellett mindkett\u0151? &#8222;A k\u00f6nyv nem csak tartalom, kultikus t\u00e1rgy is. A Gutenberg-galaxis milli\u00e1rdnyi kis &hellip; <a href=\"http:\/\/olvasodelalfold.sk-szeged.hu\/?p=1964\">Folytat\u00e1s <span class=\"meta-nav\">&rarr;<\/span><\/a><\/p>\n","protected":false},"author":2,"featured_media":0,"comment_status":"closed","ping_status":"open","sticky":false,"template":"","format":"standard","meta":{"ngg_post_thumbnail":0,"footnotes":""},"categories":[137],"tags":[156],"class_list":["post-1964","post","type-post","status-publish","format-standard","hentry","category-olvassunk-az-olvasasrol","tag-kerekes-pal"],"_links":{"self":[{"href":"http:\/\/olvasodelalfold.sk-szeged.hu\/index.php?rest_route=\/wp\/v2\/posts\/1964","targetHints":{"allow":["GET"]}}],"collection":[{"href":"http:\/\/olvasodelalfold.sk-szeged.hu\/index.php?rest_route=\/wp\/v2\/posts"}],"about":[{"href":"http:\/\/olvasodelalfold.sk-szeged.hu\/index.php?rest_route=\/wp\/v2\/types\/post"}],"author":[{"embeddable":true,"href":"http:\/\/olvasodelalfold.sk-szeged.hu\/index.php?rest_route=\/wp\/v2\/users\/2"}],"replies":[{"embeddable":true,"href":"http:\/\/olvasodelalfold.sk-szeged.hu\/index.php?rest_route=%2Fwp%2Fv2%2Fcomments&post=1964"}],"version-history":[{"count":5,"href":"http:\/\/olvasodelalfold.sk-szeged.hu\/index.php?rest_route=\/wp\/v2\/posts\/1964\/revisions"}],"predecessor-version":[{"id":1978,"href":"http:\/\/olvasodelalfold.sk-szeged.hu\/index.php?rest_route=\/wp\/v2\/posts\/1964\/revisions\/1978"}],"wp:attachment":[{"href":"http:\/\/olvasodelalfold.sk-szeged.hu\/index.php?rest_route=%2Fwp%2Fv2%2Fmedia&parent=1964"}],"wp:term":[{"taxonomy":"category","embeddable":true,"href":"http:\/\/olvasodelalfold.sk-szeged.hu\/index.php?rest_route=%2Fwp%2Fv2%2Fcategories&post=1964"},{"taxonomy":"post_tag","embeddable":true,"href":"http:\/\/olvasodelalfold.sk-szeged.hu\/index.php?rest_route=%2Fwp%2Fv2%2Ftags&post=1964"}],"curies":[{"name":"wp","href":"https:\/\/api.w.org\/{rel}","templated":true}]}}