{"id":1882,"date":"2013-07-29T13:48:37","date_gmt":"2013-07-29T11:48:37","guid":{"rendered":"http:\/\/olvasodelalfold.sk-szeged.hu\/?p=1882"},"modified":"2013-07-29T13:48:37","modified_gmt":"2013-07-29T11:48:37","slug":"allathosok-gratulalunk-a-nyerteseknek","status":"publish","type":"post","link":"http:\/\/olvasodelalfold.sk-szeged.hu\/?p=1882","title":{"rendered":"\u00c1llath\u0151s\u00f6k \u2013 gratul\u00e1lunk a nyerteseknek!"},"content":{"rendered":"<p><a href=\"http:\/\/olvasodelalfold.sk-szeged.hu\/wp-content\/uploads\/2013\/07\/kutyus_konyvekkel.jpg\"><img loading=\"lazy\" decoding=\"async\" class=\"alignleft  wp-image-1813\" alt=\"kutyus_konyvekkel\" src=\"http:\/\/olvasodelalfold.sk-szeged.hu\/wp-content\/uploads\/2013\/07\/kutyus_konyvekkel.jpg\" width=\"270\" height=\"177\" \/><\/a><br \/>\nHamarosan post\u00e1zzuk az aj\u00e1nd\u00e9kk\u00f6nyveket legut\u00f3bbi j\u00e1t\u00e9kunk\u00a0<strong> szerencs\u00e9s nyerteseinek:<\/strong><\/p>\n<p>Lengyel M\u00e1t\u00e9 (B\u00e1cs-Kiskun megye)<br \/>\nMakoviczki D\u00f3ra (B\u00e9k\u00e9s megye)<br \/>\nAnd\u00f3 N\u00f3ra (Csongr\u00e1d megye)<\/p>\n<p>Eml\u00e9keztet\u0151\u00fcl a k\u00e9rd\u00e9sek \u00e9s a helyes v\u00e1laszok:<\/p>\n<p><strong>Fekete Istv\u00e1n Bog\u00e1ncs<\/strong> c\u00edm\u0171 reg\u00e9ny\u00e9ben milyen kutyafajta a f\u0151szerepl\u0151?<br \/>\npuli<br \/>\n<strong>pumi<\/strong><br \/>\nkuvasz<\/p>\n<p><strong>Erich Kastner<\/strong> ifj\u00fas\u00e1gi reg\u00e9ny\u00e9ben, <strong>A k\u00e9t Lotti<\/strong>ban el\u0151sz\u00f6r az udvari tan\u00e1csos kuty\u00e1ja veszi \u00e9szre, hogy valami v\u00e1ltoz\u00e1s van. Mi a neve a kuty\u00e1nak?<br \/>\n<strong>Pepike<\/strong><br \/>\nResi<br \/>\nIlse<\/p>\n<p><strong>Vicki Myron<\/strong> reg\u00e9ny\u00e9ben <strong>Dewey a k\u00f6nyvt\u00e1r macsk\u00e1ja<\/strong>. Hogyan ker\u00fcl a cica a k\u00f6nyvt\u00e1rba?<br \/>\nA k\u00f6nyvt\u00e1r igazgat\u00f3ja viszi be<br \/>\nAz ajt\u00f3ban tal\u00e1lj\u00e1k<br \/>\n<strong>A k\u00f6nyvcs\u00faszd\u00e1n kereszt\u00fcl<\/strong><\/p>\n<p>Mivel a &#8221; nagy j\u00e1t\u00e9k&#8221; m\u00e9g egy h\u00f3napig tart, lesz id\u0151nk \u00fajabb apr\u00f3 feladv\u00e1nyokra. Tov\u00e1bbra is j\u00e1tsszanak vel\u00fcnk \u2013 \u00e9rdemes!<\/p>\n<h3>Kapcsol\u00f3d\u00f3 k\u00e9pek:<\/h3>","protected":false},"excerpt":{"rendered":"<p>Hamarosan post\u00e1zzuk az aj\u00e1nd\u00e9kk\u00f6nyveket legut\u00f3bbi j\u00e1t\u00e9kunk\u00a0 szerencs\u00e9s nyerteseinek: Lengyel M\u00e1t\u00e9 (B\u00e1cs-Kiskun megye) Makoviczki D\u00f3ra (B\u00e9k\u00e9s megye) And\u00f3 N\u00f3ra (Csongr\u00e1d megye) Eml\u00e9keztet\u0151\u00fcl a k\u00e9rd\u00e9sek \u00e9s a helyes v\u00e1laszok: Fekete Istv\u00e1n Bog\u00e1ncs c\u00edm\u0171 reg\u00e9ny\u00e9ben milyen kutyafajta a f\u0151szerepl\u0151? puli pumi kuvasz Erich &hellip; <a href=\"http:\/\/olvasodelalfold.sk-szeged.hu\/?p=1882\">Folytat\u00e1s <span class=\"meta-nav\">&rarr;<\/span><\/a><\/p>\n","protected":false},"author":2,"featured_media":0,"comment_status":"closed","ping_status":"open","sticky":false,"template":"","format":"standard","meta":{"ngg_post_thumbnail":0,"footnotes":""},"categories":[1],"tags":[],"class_list":["post-1882","post","type-post","status-publish","format-standard","hentry","category-egyeb"],"_links":{"self":[{"href":"http:\/\/olvasodelalfold.sk-szeged.hu\/index.php?rest_route=\/wp\/v2\/posts\/1882","targetHints":{"allow":["GET"]}}],"collection":[{"href":"http:\/\/olvasodelalfold.sk-szeged.hu\/index.php?rest_route=\/wp\/v2\/posts"}],"about":[{"href":"http:\/\/olvasodelalfold.sk-szeged.hu\/index.php?rest_route=\/wp\/v2\/types\/post"}],"author":[{"embeddable":true,"href":"http:\/\/olvasodelalfold.sk-szeged.hu\/index.php?rest_route=\/wp\/v2\/users\/2"}],"replies":[{"embeddable":true,"href":"http:\/\/olvasodelalfold.sk-szeged.hu\/index.php?rest_route=%2Fwp%2Fv2%2Fcomments&post=1882"}],"version-history":[{"count":2,"href":"http:\/\/olvasodelalfold.sk-szeged.hu\/index.php?rest_route=\/wp\/v2\/posts\/1882\/revisions"}],"predecessor-version":[{"id":1884,"href":"http:\/\/olvasodelalfold.sk-szeged.hu\/index.php?rest_route=\/wp\/v2\/posts\/1882\/revisions\/1884"}],"wp:attachment":[{"href":"http:\/\/olvasodelalfold.sk-szeged.hu\/index.php?rest_route=%2Fwp%2Fv2%2Fmedia&parent=1882"}],"wp:term":[{"taxonomy":"category","embeddable":true,"href":"http:\/\/olvasodelalfold.sk-szeged.hu\/index.php?rest_route=%2Fwp%2Fv2%2Fcategories&post=1882"},{"taxonomy":"post_tag","embeddable":true,"href":"http:\/\/olvasodelalfold.sk-szeged.hu\/index.php?rest_route=%2Fwp%2Fv2%2Ftags&post=1882"}],"curies":[{"name":"wp","href":"https:\/\/api.w.org\/{rel}","templated":true}]}}