{"id":1779,"date":"2013-06-26T21:38:26","date_gmt":"2013-06-26T19:38:26","guid":{"rendered":"http:\/\/olvasodelalfold.sk-szeged.hu\/?p=1779"},"modified":"2013-07-04T11:25:08","modified_gmt":"2013-07-04T09:25:08","slug":"konyvajanlo-csukas-istvan-berosalt-a-rezesbanda","status":"publish","type":"post","link":"http:\/\/olvasodelalfold.sk-szeged.hu\/?p=1779","title":{"rendered":"K\u00f6nyvaj\u00e1nl\u00f3 \u2013 Csuk\u00e1s Istv\u00e1n: Beros\u00e1lt a rezesbanda"},"content":{"rendered":"<p><a href=\"http:\/\/olvasodelalfold.sk-szeged.hu\/wp-content\/uploads\/2013\/07\/berosalt.jpg\"><img loading=\"lazy\" decoding=\"async\" class=\"alignleft  wp-image-1780\" alt=\"berosalt\" src=\"http:\/\/olvasodelalfold.sk-szeged.hu\/wp-content\/uploads\/2013\/07\/berosalt.jpg\" width=\"225\" height=\"335\" srcset=\"http:\/\/olvasodelalfold.sk-szeged.hu\/wp-content\/uploads\/2013\/07\/berosalt.jpg 250w, http:\/\/olvasodelalfold.sk-szeged.hu\/wp-content\/uploads\/2013\/07\/berosalt-201x300.jpg 201w\" sizes=\"auto, (max-width: 225px) 100vw, 225px\" \/><\/a><\/p>\n<p>Vadonat\u00faj k\u00f6tet Csuk\u00e1s Istv\u00e1n toll\u00e1b\u00f3l. Fergeteges t\u00f6rt\u00e9net egy vad banda nyom\u00e1ban, amelyben a feln\u0151ttek mindig c\u00e9lt t\u00e9vesztenek.<\/p>\n<p>&#8230; A<em> Beros\u00e1lt a rezesbanda<\/em> egy k\u00eds\u00e9rleti oszt\u00e1ly aranyos t\u00f6rt\u00e9nete, akik fell\u00e1zadnak a tan\u00e1ruk ellen, elk\u00f6tik az iskolabuszt \u00e9s \u00fagy d\u00f6ntenek, hogy megsz\u00f6knek. Igaz, nem mennek messzire, de annyira m\u00f3k\u00e1s kalandokon vesznek \u00edgy is r\u00e9szt, amit \u00f6r\u00f6m volt \u00e1t\u00e9lni vel\u00fck. Annyira \u00e9lt el\u0151ttem a sz\u00f6veg, a le\u00edr\u00e1sok isteniek voltak, r\u00e1ad\u00e1sul im\u00e1dtam, ahogy a k\u00f6nyvben megjelentek bizonyos k\u00e9rd\u00e9sek, amik ugye hangos olvas\u00e1s k\u00f6zben lehetnek j\u00f3k. A Beros\u00e1lt a rezesbanda tipikusan olyan k\u00f6nyv, amit a feln\u0151tt, \u00e9s a gyerek is egyar\u00e1nt \u00e9lvezhet, ak\u00e1r esti mes\u00e9nek is kit\u0171n\u0151en funkcion\u00e1lhat, ha a gyerk\u0151c minden este kap bel\u0151le egy fejezetet. (<a href=\"http:\/\/media-addict.hu\/2013\/07\/01\/konyvkritika-csukas-istvan-berosalt-a-rezesbanda\/\" target=\"_blank\">media-addict.hu<\/a>)<\/p>\n<p><a href=\"http:\/\/mno.hu\/grund\/megjelent-a-berosalt-a-rezesbanda-1165541\" target=\"_blank\">Megjelent a Beros\u00e1lt a rezesbanda<\/a> (mno.hu)<br \/>\n<a href=\"http:\/\/www.pepitamagazin.com\/page\/index.php?option=com_content&amp;view=article&amp;id=486:berosalt-a-rezesbanda&amp;catid=46:csapo&amp;Itemid=61\" target=\"_blank\">Ifj\u00fas\u00e1gi film Csuk\u00e1s Istv\u00e1n forgat\u00f3k\u00f6nyve alapj\u00e1n<\/a><\/p>\n<h3>Kapcsol\u00f3d\u00f3 k\u00e9pek:<\/h3>","protected":false},"excerpt":{"rendered":"<p>Vadonat\u00faj k\u00f6tet Csuk\u00e1s Istv\u00e1n toll\u00e1b\u00f3l. Fergeteges t\u00f6rt\u00e9net egy vad banda nyom\u00e1ban, amelyben a feln\u0151ttek mindig c\u00e9lt t\u00e9vesztenek. &#8230; A Beros\u00e1lt a rezesbanda egy k\u00eds\u00e9rleti oszt\u00e1ly aranyos t\u00f6rt\u00e9nete, akik fell\u00e1zadnak a tan\u00e1ruk ellen, elk\u00f6tik az iskolabuszt \u00e9s \u00fagy d\u00f6ntenek, hogy megsz\u00f6knek. &hellip; <a href=\"http:\/\/olvasodelalfold.sk-szeged.hu\/?p=1779\">Folytat\u00e1s <span class=\"meta-nav\">&rarr;<\/span><\/a><\/p>\n","protected":false},"author":2,"featured_media":0,"comment_status":"closed","ping_status":"open","sticky":false,"template":"","format":"standard","meta":{"ngg_post_thumbnail":0,"footnotes":""},"categories":[82],"tags":[146],"class_list":["post-1779","post","type-post","status-publish","format-standard","hentry","category-gyermekeknek","tag-csukas-istvan"],"_links":{"self":[{"href":"http:\/\/olvasodelalfold.sk-szeged.hu\/index.php?rest_route=\/wp\/v2\/posts\/1779","targetHints":{"allow":["GET"]}}],"collection":[{"href":"http:\/\/olvasodelalfold.sk-szeged.hu\/index.php?rest_route=\/wp\/v2\/posts"}],"about":[{"href":"http:\/\/olvasodelalfold.sk-szeged.hu\/index.php?rest_route=\/wp\/v2\/types\/post"}],"author":[{"embeddable":true,"href":"http:\/\/olvasodelalfold.sk-szeged.hu\/index.php?rest_route=\/wp\/v2\/users\/2"}],"replies":[{"embeddable":true,"href":"http:\/\/olvasodelalfold.sk-szeged.hu\/index.php?rest_route=%2Fwp%2Fv2%2Fcomments&post=1779"}],"version-history":[{"count":3,"href":"http:\/\/olvasodelalfold.sk-szeged.hu\/index.php?rest_route=\/wp\/v2\/posts\/1779\/revisions"}],"predecessor-version":[{"id":1782,"href":"http:\/\/olvasodelalfold.sk-szeged.hu\/index.php?rest_route=\/wp\/v2\/posts\/1779\/revisions\/1782"}],"wp:attachment":[{"href":"http:\/\/olvasodelalfold.sk-szeged.hu\/index.php?rest_route=%2Fwp%2Fv2%2Fmedia&parent=1779"}],"wp:term":[{"taxonomy":"category","embeddable":true,"href":"http:\/\/olvasodelalfold.sk-szeged.hu\/index.php?rest_route=%2Fwp%2Fv2%2Fcategories&post=1779"},{"taxonomy":"post_tag","embeddable":true,"href":"http:\/\/olvasodelalfold.sk-szeged.hu\/index.php?rest_route=%2Fwp%2Fv2%2Ftags&post=1779"}],"curies":[{"name":"wp","href":"https:\/\/api.w.org\/{rel}","templated":true}]}}