{"id":1767,"date":"2013-06-28T16:35:45","date_gmt":"2013-06-28T14:35:45","guid":{"rendered":"http:\/\/olvasodelalfold.sk-szeged.hu\/?p=1767"},"modified":"2013-06-28T16:37:51","modified_gmt":"2013-06-28T14:37:51","slug":"a-no-ezer-arca-az-eloado-szemevel-2","status":"publish","type":"post","link":"http:\/\/olvasodelalfold.sk-szeged.hu\/?p=1767","title":{"rendered":"\u201eA n\u0151 ezer arca\u201d \u2013 az el\u0151ad\u00f3 szem\u00e9vel"},"content":{"rendered":"<p><strong><\/strong><a href=\"http:\/\/olvasodelalfold.sk-szeged.hu\/wp-content\/uploads\/2013\/06\/kakuszi_peter.jpg\"><img loading=\"lazy\" decoding=\"async\" class=\"alignleft  wp-image-1768\" alt=\"kakuszi_peter\" src=\"http:\/\/olvasodelalfold.sk-szeged.hu\/wp-content\/uploads\/2013\/06\/kakuszi_peter.jpg\" width=\"189\" height=\"273\" \/><\/a><br \/>\n<strong>Dr. Kakuszi P\u00e9ter<\/strong> irodalomt\u00f6rt\u00e9n\u00e9sz gondolatai:<\/p>\n<p><strong>&#8222;A n\u0151 ezer arca&#8221;<\/strong> programsorozat egyik el\u0151ad\u00f3jak\u00e9nt h\u00e1rom dolgot szeretn\u00e9k kiemelni a soksz\u00edn\u0171 tapasztalathalmazb\u00f3l, amit a projektnek k\u00f6sz\u00f6nhetek.<\/p>\n<p>Az egyik a fot\u00f3t\u00f6rt\u00e9net \u00e9s az irodalom kapcsol\u00f3d\u00e1si lehet\u0151s\u00e9gei az adott t\u00e9ma \u00e1tgondol\u00e1s\u00e1ban. Ez\u00a0 jelent\u0151sen seg\u00edtette\u00a0 a t\u00e9ma m\u00e9lyebb, sokoldal\u00fabb<br \/>\nmegk\u00f6zel\u00edt\u00e9s\u00e9t.<\/p>\n<p>A m\u00e1sik: meglepett\u00a0 a t\u00e9ma ir\u00e1nti \u00e9rdekl\u0151d\u00e9s, akt\u00edv r\u00e9szv\u00e9tel az el\u0151ad\u00e1s-besz\u00e9lget\u00e9s helysz\u00ednein.<\/p>\n<p>A harmadik pedig \u2013 a t\u00f6rt\u00e9netis\u00e9gb\u0151l kil\u00e9pve \u2013 a t\u00e9ma aktualit\u00e1sa. A n\u0151 t\u00e1rsadalmi szerep\u00e9nek a folyamatos, \u00f6r\u00f6kk\u00e9 id\u0151szer\u0171 \u00fajragondol\u00e1sa az &#8222;\u00e9rtelmis\u00e9gi l\u00e9tre val\u00f3 t\u00f6rekv\u00e9s&#8221; egyik fontos eleme.<\/p>\n<h3>Kapcsol\u00f3d\u00f3 k\u00e9pek:<\/h3>","protected":false},"excerpt":{"rendered":"<p>Dr. Kakuszi P\u00e9ter irodalomt\u00f6rt\u00e9n\u00e9sz gondolatai: &#8222;A n\u0151 ezer arca&#8221; programsorozat egyik el\u0151ad\u00f3jak\u00e9nt h\u00e1rom dolgot szeretn\u00e9k kiemelni a soksz\u00edn\u0171 tapasztalathalmazb\u00f3l, amit a projektnek k\u00f6sz\u00f6nhetek. Az egyik a fot\u00f3t\u00f6rt\u00e9net \u00e9s az irodalom kapcsol\u00f3d\u00e1si lehet\u0151s\u00e9gei az adott t\u00e9ma \u00e1tgondol\u00e1s\u00e1ban. Ez\u00a0 jelent\u0151sen seg\u00edtette\u00a0 a &hellip; <a href=\"http:\/\/olvasodelalfold.sk-szeged.hu\/?p=1767\">Folytat\u00e1s <span class=\"meta-nav\">&rarr;<\/span><\/a><\/p>\n","protected":false},"author":2,"featured_media":0,"comment_status":"closed","ping_status":"open","sticky":false,"template":"","format":"standard","meta":{"ngg_post_thumbnail":0,"footnotes":""},"categories":[9,69,11,12],"tags":[],"class_list":["post-1767","post","type-post","status-publish","format-standard","hentry","category-a-no-ezer-arca","category-kakuszi-peter","category-ruzsa","category-zakanyszek"],"_links":{"self":[{"href":"http:\/\/olvasodelalfold.sk-szeged.hu\/index.php?rest_route=\/wp\/v2\/posts\/1767","targetHints":{"allow":["GET"]}}],"collection":[{"href":"http:\/\/olvasodelalfold.sk-szeged.hu\/index.php?rest_route=\/wp\/v2\/posts"}],"about":[{"href":"http:\/\/olvasodelalfold.sk-szeged.hu\/index.php?rest_route=\/wp\/v2\/types\/post"}],"author":[{"embeddable":true,"href":"http:\/\/olvasodelalfold.sk-szeged.hu\/index.php?rest_route=\/wp\/v2\/users\/2"}],"replies":[{"embeddable":true,"href":"http:\/\/olvasodelalfold.sk-szeged.hu\/index.php?rest_route=%2Fwp%2Fv2%2Fcomments&post=1767"}],"version-history":[{"count":3,"href":"http:\/\/olvasodelalfold.sk-szeged.hu\/index.php?rest_route=\/wp\/v2\/posts\/1767\/revisions"}],"predecessor-version":[{"id":1770,"href":"http:\/\/olvasodelalfold.sk-szeged.hu\/index.php?rest_route=\/wp\/v2\/posts\/1767\/revisions\/1770"}],"wp:attachment":[{"href":"http:\/\/olvasodelalfold.sk-szeged.hu\/index.php?rest_route=%2Fwp%2Fv2%2Fmedia&parent=1767"}],"wp:term":[{"taxonomy":"category","embeddable":true,"href":"http:\/\/olvasodelalfold.sk-szeged.hu\/index.php?rest_route=%2Fwp%2Fv2%2Fcategories&post=1767"},{"taxonomy":"post_tag","embeddable":true,"href":"http:\/\/olvasodelalfold.sk-szeged.hu\/index.php?rest_route=%2Fwp%2Fv2%2Ftags&post=1767"}],"curies":[{"name":"wp","href":"https:\/\/api.w.org\/{rel}","templated":true}]}}