{"id":1761,"date":"2013-06-25T20:54:46","date_gmt":"2013-06-25T18:54:46","guid":{"rendered":"http:\/\/olvasodelalfold.sk-szeged.hu\/?p=1761"},"modified":"2013-06-25T20:54:46","modified_gmt":"2013-06-25T18:54:46","slug":"verskereso-jatek-ajandekkonyvekert","status":"publish","type":"post","link":"http:\/\/olvasodelalfold.sk-szeged.hu\/?p=1761","title":{"rendered":"Verskeres\u0151 j\u00e1t\u00e9k aj\u00e1nd\u00e9kk\u00f6nyvek\u00e9rt"},"content":{"rendered":"<p><a href=\"http:\/\/olvasodelalfold.sk-szeged.hu\/wp-content\/uploads\/2013\/06\/kerdes_versek.png\"><img loading=\"lazy\" decoding=\"async\" class=\"alignleft size-full wp-image-1762\" alt=\"kerdes_versek\" src=\"http:\/\/olvasodelalfold.sk-szeged.hu\/wp-content\/uploads\/2013\/06\/kerdes_versek.png\" width=\"200\" height=\"200\" srcset=\"http:\/\/olvasodelalfold.sk-szeged.hu\/wp-content\/uploads\/2013\/06\/kerdes_versek.png 200w, http:\/\/olvasodelalfold.sk-szeged.hu\/wp-content\/uploads\/2013\/06\/kerdes_versek-150x150.png 150w\" sizes=\"auto, (max-width: 200px) 100vw, 200px\" \/><\/a><br \/>\nK\u00f6vetkez\u0151 <strong>feladv\u00e1ny<\/strong>unkban teljes a k\u00e1osz!<\/p>\n<p>H\u00e1rom k\u00f6lt\u0151 ismert verssorai teljesen \u00f6sszekeveredtek a nagy melegben. M\u00e9g az sem biztos, hogy a szerz\u0151 \u00e9s a versc\u00edm helyes. Melyik verset ki \u00edrta? Hogyan \u201esz\u00f3lnak\u201d helyesen a verssorok?<\/p>\n<p>&nbsp;<\/p>\n<p><strong>Karinthy Frigyes: M\u00e1jus<\/strong><br \/>\nT\u0171z, meleg\u00edts, ne \u00e9gess<br \/>\n\u00e9g\u0151 sebet sz\u00edvemre;<br \/>\na nyilt ucc\u00e1ra l\u00e9p a n\u00e9p,<br \/>\nhogy v\u00e9gzet\u00e9t bet\u00f6ltse.<br \/>\nPirkad a lomb, nyaram elm\u00falt,<br \/>\nelm\u00falt epedve nyaram,<br \/>\n\u00e9let, mindenki \u00e9ljen,<br \/>\ns ne tudja meg, mi\u00e9rt \u00e9l;<br \/>\nA reng\u0151 lomb vir\u00e1gban \u00e9g<br \/>\n\u00e9s k\u00e9sz\u00fcl a gy\u00fcm\u00f6lcsre,<\/p>\n<p><strong>J\u00f3zsef Attila: Szeptember aranya<\/strong><br \/>\nA hold b\u0151s\u00e9g- szaruj\u00e1ban<br \/>\nSzeptember aranya van.<br \/>\n\u00edg\u00e9rd m\u00e1r m\u00e1snak, Isten,<br \/>\namit nekem ig\u00e9rt\u00e9l.<br \/>\nVir\u00e1g, maradj az \u00e1gon,<br \/>\nmegv\u00e1rom a gy\u00fcm\u00f6lcs\u00f6d,<br \/>\nMert ez az \u00e9n sorsom, \u00fcdv\u00f6m,<br \/>\nT\u0171n\u0151ben sz\u00e9p nyaram,<br \/>\nAsszony, puh\u00e1cska sz\u00e1ddal<br \/>\ncs\u00f3kolj, ne a fogaddal;<br \/>\nMikor a holdon, a sz\u0151k\u00e9n,<br \/>\nSzeptember aranya van.<br \/>\nS az aranyba vont \u00e9g alatt,<br \/>\n&#8211; mert bek\u00f6sz\u00f6nt az \u00fcnnep &#8211;<br \/>\na szabads\u00e1g s\u00e9t\u00e1ra megy.<\/p>\n<p><strong>Juh\u00e1sz Gyula: \u0150sz<\/strong><br \/>\nIramlanak a bogarak,<br \/>\nfriss jelszavak rep\u00fclnek.<br \/>\nnem rugdalok markodba<br \/>\nv\u00e9gzet, laz\u00edtsd a g\u00f6rcs\u00f6d.<br \/>\nEz a ny\u00e1r volt a legszebb,<br \/>\nMert legszomor\u00fabb nekem.<br \/>\nElm\u00falt. Most eldalolom majd<br \/>\nSzeptember \u00e9jjeleken.<br \/>\nNap ne vak\u00edts, vil\u00e1g\u00edts,<br \/>\nnem n\u00e9zek a szemedbe.<\/p>\n<p>A megfejt\u00e9seket j\u00falius 14-ig v\u00e1rjuk a szok\u00e1sos e-mail c\u00edmre: <strong>olvasok@sk-szeged.hu<\/strong><br \/>\nA nyerem\u00e9nyeket post\u00e1n k\u00fcldj\u00fck ki, ez\u00e9rt az e-mailben felt\u00e9tlen\u00fcl szerepeljen a<strong> levelez\u00e9si c\u00edm<\/strong> is!<\/p>\n<h3>Kapcsol\u00f3d\u00f3 k\u00e9pek:<\/h3>","protected":false},"excerpt":{"rendered":"<p>K\u00f6vetkez\u0151 feladv\u00e1nyunkban teljes a k\u00e1osz! H\u00e1rom k\u00f6lt\u0151 ismert verssorai teljesen \u00f6sszekeveredtek a nagy melegben. M\u00e9g az sem biztos, hogy a szerz\u0151 \u00e9s a versc\u00edm helyes. Melyik verset ki \u00edrta? Hogyan \u201esz\u00f3lnak\u201d helyesen a verssorok? &nbsp; Karinthy Frigyes: M\u00e1jus T\u0171z, meleg\u00edts, &hellip; <a href=\"http:\/\/olvasodelalfold.sk-szeged.hu\/?p=1761\">Folytat\u00e1s <span class=\"meta-nav\">&rarr;<\/span><\/a><\/p>\n","protected":false},"author":2,"featured_media":0,"comment_status":"closed","ping_status":"open","sticky":false,"template":"","format":"standard","meta":{"ngg_post_thumbnail":0,"footnotes":""},"categories":[135],"tags":[],"class_list":["post-1761","post","type-post","status-publish","format-standard","hentry","category-apro-feladvanyok"],"_links":{"self":[{"href":"http:\/\/olvasodelalfold.sk-szeged.hu\/index.php?rest_route=\/wp\/v2\/posts\/1761","targetHints":{"allow":["GET"]}}],"collection":[{"href":"http:\/\/olvasodelalfold.sk-szeged.hu\/index.php?rest_route=\/wp\/v2\/posts"}],"about":[{"href":"http:\/\/olvasodelalfold.sk-szeged.hu\/index.php?rest_route=\/wp\/v2\/types\/post"}],"author":[{"embeddable":true,"href":"http:\/\/olvasodelalfold.sk-szeged.hu\/index.php?rest_route=\/wp\/v2\/users\/2"}],"replies":[{"embeddable":true,"href":"http:\/\/olvasodelalfold.sk-szeged.hu\/index.php?rest_route=%2Fwp%2Fv2%2Fcomments&post=1761"}],"version-history":[{"count":2,"href":"http:\/\/olvasodelalfold.sk-szeged.hu\/index.php?rest_route=\/wp\/v2\/posts\/1761\/revisions"}],"predecessor-version":[{"id":1764,"href":"http:\/\/olvasodelalfold.sk-szeged.hu\/index.php?rest_route=\/wp\/v2\/posts\/1761\/revisions\/1764"}],"wp:attachment":[{"href":"http:\/\/olvasodelalfold.sk-szeged.hu\/index.php?rest_route=%2Fwp%2Fv2%2Fmedia&parent=1761"}],"wp:term":[{"taxonomy":"category","embeddable":true,"href":"http:\/\/olvasodelalfold.sk-szeged.hu\/index.php?rest_route=%2Fwp%2Fv2%2Fcategories&post=1761"},{"taxonomy":"post_tag","embeddable":true,"href":"http:\/\/olvasodelalfold.sk-szeged.hu\/index.php?rest_route=%2Fwp%2Fv2%2Ftags&post=1761"}],"curies":[{"name":"wp","href":"https:\/\/api.w.org\/{rel}","templated":true}]}}