{"id":1756,"date":"2013-06-25T20:31:39","date_gmt":"2013-06-25T18:31:39","guid":{"rendered":"http:\/\/olvasodelalfold.sk-szeged.hu\/?p=1756"},"modified":"2013-06-25T20:32:47","modified_gmt":"2013-06-25T18:32:47","slug":"a-no-ezer-arca-az-eloado-szemevel","status":"publish","type":"post","link":"http:\/\/olvasodelalfold.sk-szeged.hu\/?p=1756","title":{"rendered":"\u201eA n\u0151 ezer arca\u201d \u2013 az el\u0151ad\u00f3 szem\u00e9vel"},"content":{"rendered":"<p><strong><\/strong><a href=\"http:\/\/olvasodelalfold.sk-szeged.hu\/wp-content\/uploads\/2013\/06\/domotor_mihaly.jpg\"><img loading=\"lazy\" decoding=\"async\" class=\"alignleft  wp-image-1757\" alt=\"domotor_mihaly\" src=\"http:\/\/olvasodelalfold.sk-szeged.hu\/wp-content\/uploads\/2013\/06\/domotor_mihaly.jpg\" width=\"194\" height=\"289\" \/><\/a><br \/>\n<strong>D\u00f6m\u00f6t\u00f6r Mih\u00e1ly<\/strong> fot\u00f3m\u0171v\u00e9sz gondolatai:<\/p>\n<p>&#8222;A n\u0151 ezer arca&#8221; program keret\u00e9ben tartottam vet\u00edtett k\u00e9pes el\u0151ad\u00e1st Ruzs\u00e1n \u00e9s Z\u00e1k\u00e1nysz\u00e9ken Fotogr\u00e1fusn\u0151k \u2013 n\u0151k a fotogr\u00e1fi\u00e1kon c\u00edmmel.<\/p>\n<p>Val\u00f3sz\u00edn\u0171leg a t\u00e9ma \u00fajszer\u0171 volta, \u00e9rdekess\u00e9ge miatt mindk\u00e9t helysz\u00ednen sokan voltak. Tan\u00edtottam fot\u00f3t\u00f6rt\u00e9netet, de ilyen megk\u00f6zel\u00edt\u00e9sben s fotogr\u00e1fus n\u0151kre koncentr\u00e1lva nem foglalkoztam a t\u00e9m\u00e1val.<br \/>\nSzerencs\u00e9re Csizmadia Edit k\u00f6nyvt\u00e1ros id\u0151ben felk\u00e9rt, volt id\u0151m felk\u00e9sz\u00fclni.<\/p>\n<p>K\u00e9pekr\u0151l, f\u00e9nyk\u00e9pekr\u0151l besz\u00e9lni csak \u00fagy van \u00e9rtelme, ha meg is lehet mutatni a fot\u00f3kat. Ez\u00e9rt \u00f6ssze\u00e1ll\u00edtottam egy 100 k\u00e9pb\u0151l \u00e1ll\u00f3 PowerPoint-sorozatot. R\u00f6vid k\u00e9p- \u00e9s f\u00e9nyk\u00e9pk\u00e9sz\u00edt\u00e9s-t\u00f6rt\u00e9neti \u00e1ttekint\u00e9s ut\u00e1n, a nemzetk\u00f6zi \u00e9s a magyar fotogr\u00e1fusn\u0151k k\u00f6z\u00fcl n\u00e9h\u00e1ny jelent\u0151sebb alkot\u00f3 munk\u00e1ib\u00f3l vet\u00edtettem v\u00e1logat\u00e1st. Ezut\u00e1n a n\u0151k a fotogr\u00e1fi\u00e1kon t\u00e9ma k\u00f6vetkezett. Itt els\u0151sorban akt fot\u00f3kat mutattam, mint a fotogr\u00e1fia egyik kit\u00fcntetett m\u0171faj\u00e1t. Szok\u00e1som hoz h\u00edven a k\u00e9t el\u0151ad\u00e1s alkalm\u00e1val is vittem n\u00e9mi humort az el\u0151ad\u00e1sba.<br \/>\nKakuszi P\u00e9ter irodalomt\u00f6rt\u00e9n\u00e9sz f\u0151iskolai docenssel egy\u00fctt, felv\u00e1ltva adtunk el\u0151, \u00edgy szerintem a fot\u00f3 \u00e9s az irodalom kieg\u00e9sz\u00edtve egym\u00e1st egy v\u00e1ltozatos, \u00e9rdekes m\u00e1sf\u00e9l \u00f3r\u00e1s programot eredm\u00e9nyezett.<br \/>\nAz \u00e1ltalam megk\u00e9rdezett n\u00e9h\u00e1ny jelenl\u00e9v\u0151nek is ez volt a v\u00e9lem\u00e9nye, s\u0151t, ezt bizony\u00edtand\u00f3 az el\u0151ad\u00e1sunk alatt senki sem sz\u00f6k\u00f6tt meg.<\/p>\n<p>A k\u00e9t sikeres el\u0151ad\u00e1shoz mindenk\u00e9ppen kellet Csizmadia Edit k\u00f6nyvt\u00e1ros lelkes alapos el\u0151k\u00e9sz\u00edt\u0151 munk\u00e1ja, valamint ezt kieg\u00e9sz\u00edtve a helyi szervez\u0151k seg\u00edts\u00e9ge is.<br \/>\n\u00dagy gondolom, hogy a k\u00e9sz el\u0151ad\u00e1sokat az \u0151sz, vagy a t\u00e9l folyam\u00e1n, t\u00f6bb helysz\u00ednen is meg lehetne ism\u00e9telni.<\/p>\n<h3>Kapcsol\u00f3d\u00f3 k\u00e9pek:<\/h3>","protected":false},"excerpt":{"rendered":"<p>D\u00f6m\u00f6t\u00f6r Mih\u00e1ly fot\u00f3m\u0171v\u00e9sz gondolatai: &#8222;A n\u0151 ezer arca&#8221; program keret\u00e9ben tartottam vet\u00edtett k\u00e9pes el\u0151ad\u00e1st Ruzs\u00e1n \u00e9s Z\u00e1k\u00e1nysz\u00e9ken Fotogr\u00e1fusn\u0151k \u2013 n\u0151k a fotogr\u00e1fi\u00e1kon c\u00edmmel. Val\u00f3sz\u00edn\u0171leg a t\u00e9ma \u00fajszer\u0171 volta, \u00e9rdekess\u00e9ge miatt mindk\u00e9t helysz\u00ednen sokan voltak. Tan\u00edtottam fot\u00f3t\u00f6rt\u00e9netet, de ilyen megk\u00f6zel\u00edt\u00e9sben s &hellip; <a href=\"http:\/\/olvasodelalfold.sk-szeged.hu\/?p=1756\">Folytat\u00e1s <span class=\"meta-nav\">&rarr;<\/span><\/a><\/p>\n","protected":false},"author":2,"featured_media":0,"comment_status":"closed","ping_status":"open","sticky":false,"template":"","format":"standard","meta":{"ngg_post_thumbnail":0,"footnotes":""},"categories":[9,68,11,12],"tags":[],"class_list":["post-1756","post","type-post","status-publish","format-standard","hentry","category-a-no-ezer-arca","category-domotor-mihaly","category-ruzsa","category-zakanyszek"],"_links":{"self":[{"href":"http:\/\/olvasodelalfold.sk-szeged.hu\/index.php?rest_route=\/wp\/v2\/posts\/1756","targetHints":{"allow":["GET"]}}],"collection":[{"href":"http:\/\/olvasodelalfold.sk-szeged.hu\/index.php?rest_route=\/wp\/v2\/posts"}],"about":[{"href":"http:\/\/olvasodelalfold.sk-szeged.hu\/index.php?rest_route=\/wp\/v2\/types\/post"}],"author":[{"embeddable":true,"href":"http:\/\/olvasodelalfold.sk-szeged.hu\/index.php?rest_route=\/wp\/v2\/users\/2"}],"replies":[{"embeddable":true,"href":"http:\/\/olvasodelalfold.sk-szeged.hu\/index.php?rest_route=%2Fwp%2Fv2%2Fcomments&post=1756"}],"version-history":[{"count":3,"href":"http:\/\/olvasodelalfold.sk-szeged.hu\/index.php?rest_route=\/wp\/v2\/posts\/1756\/revisions"}],"predecessor-version":[{"id":1759,"href":"http:\/\/olvasodelalfold.sk-szeged.hu\/index.php?rest_route=\/wp\/v2\/posts\/1756\/revisions\/1759"}],"wp:attachment":[{"href":"http:\/\/olvasodelalfold.sk-szeged.hu\/index.php?rest_route=%2Fwp%2Fv2%2Fmedia&parent=1756"}],"wp:term":[{"taxonomy":"category","embeddable":true,"href":"http:\/\/olvasodelalfold.sk-szeged.hu\/index.php?rest_route=%2Fwp%2Fv2%2Fcategories&post=1756"},{"taxonomy":"post_tag","embeddable":true,"href":"http:\/\/olvasodelalfold.sk-szeged.hu\/index.php?rest_route=%2Fwp%2Fv2%2Ftags&post=1756"}],"curies":[{"name":"wp","href":"https:\/\/api.w.org\/{rel}","templated":true}]}}