{"id":1737,"date":"2013-06-21T18:39:55","date_gmt":"2013-06-21T16:39:55","guid":{"rendered":"http:\/\/olvasodelalfold.sk-szeged.hu\/?p=1737"},"modified":"2013-06-25T20:08:16","modified_gmt":"2013-06-25T18:08:16","slug":"a-no-ezer-arca-elmenymorzsak-zakanyszekrol","status":"publish","type":"post","link":"http:\/\/olvasodelalfold.sk-szeged.hu\/?p=1737","title":{"rendered":"\u201eA n\u0151 ezer arca\u201d \u2013 &#8222;\u00e9lm\u00e9nymorzs\u00e1k&#8221; Z\u00e1k\u00e1nysz\u00e9kr\u0151l"},"content":{"rendered":"<p><strong><\/strong><a href=\"http:\/\/olvasodelalfold.sk-szeged.hu\/wp-content\/uploads\/2013\/06\/zakanyszek.jpg\"><img loading=\"lazy\" decoding=\"async\" class=\"alignleft  wp-image-1754\" alt=\"zakanyszek\" src=\"http:\/\/olvasodelalfold.sk-szeged.hu\/wp-content\/uploads\/2013\/06\/zakanyszek.jpg\" width=\"240\" height=\"272\" srcset=\"http:\/\/olvasodelalfold.sk-szeged.hu\/wp-content\/uploads\/2013\/06\/zakanyszek.jpg 300w, http:\/\/olvasodelalfold.sk-szeged.hu\/wp-content\/uploads\/2013\/06\/zakanyszek-264x300.jpg 264w\" sizes=\"auto, (max-width: 240px) 100vw, 240px\" \/><\/a><br \/>\nParagin\u00e9 T\u00f3th Edina k\u00f6nyvt\u00e1ros gondolatai:<\/p>\n<p>&#8230; Volt olyan r\u00e9sztvev\u0151, akit megh\u00edvtam az els\u0151 alkalomra, de kor\u00e1bban nem volt k\u00f6nyvt\u00e1rtag. Az\u00f3ta m\u00e1r beiratkozott \u00e9s valamennyi Szab\u00f3 Magda-reg\u00e9nyt elolvasta, mert a R\u00e9gim\u00f3di t\u00f6rt\u00e9net meghozta\u00a0 a kedv\u00e9t az olvas\u00e1shoz&#8230;! Egy\u00e9bk\u00e9nt \u00e9rezhet\u0151en t\u00f6bben olvasnak Szab\u00f3 Magd\u00e1t (is) a programsorozat \u00f3ta a r\u00e9sztvev\u0151k!<\/p>\n<p>&#8230; A sz\u00ednh\u00e1zl\u00e1togat\u00e1s ut\u00e1n nagy \u00f6r\u00f6mmel j\u00f6tt be a k\u00f6nyvt\u00e1rba egy h\u00f6lgy, \u00e9s elmes\u00e9lte, hogy az M1 m\u0171velts\u00e9gi vet\u00e9lked\u0151j\u00e9ben a j\u00e1t\u00e9kosok nem tudtak v\u00e1laszolni a\u00a0 Pip\u00e1s Pist\u00e1ra vonatkoz\u00f3 k\u00e9rd\u00e9sre, de \u0151 igen, mert l\u00e1tta a sz\u00ednh\u00e1zban! Bevall\u00e1sa szerint egy\u00e9bk\u00e9nt \u0151 sem tudta volna. \ud83d\ude42<\/p>\n<p>&#8230; Maradva Pip\u00e1s Pist\u00e1n\u00e1l, a Z\u00e1k\u00e1nysz\u00e9ki \u00c9letk\u00e9pek legfrissebb sz\u00e1m\u00e1ban k\u00e9toldalas cikk olvashat\u00f3 <em>A Szeged-k\u00f6rny\u00e9ki tanyavil\u00e1g legend\u00e1s n\u0151alakja, Pip\u00e1s Pista <\/em>c\u00edmmel. A cikk \u00edr\u00f3ja Tan\u00e1cs Kl\u00e1ra, aki a programsorozat minden egyes alkalm\u00e1n jelen volt \u00e9s \u00f6r\u00f6mmel v\u00e1llalta az \u00edr\u00e1st! \ud83d\ude42<br \/>\n<strong><br \/>\n<\/strong>&#8230; Endrei Judit \u2013 megtapasztalva a helyi N\u0151egylet lelkesed\u00e9s\u00e9t \u2013 \u0151sszel egy h\u00e1romnapos workshopot szeretne kis csapat\u00e1val megval\u00f3s\u00edtani Z\u00e1k\u00e1nysz\u00e9ken, seg\u00edtve a civil szervezet lehet\u0151s\u00e9geinek, ismereteinek b\u0151v\u00edt\u00e9s\u00e9t.<\/p>\n<h3>Kapcsol\u00f3d\u00f3 k\u00e9pek:<\/h3>","protected":false},"excerpt":{"rendered":"<p>Paragin\u00e9 T\u00f3th Edina k\u00f6nyvt\u00e1ros gondolatai: &#8230; Volt olyan r\u00e9sztvev\u0151, akit megh\u00edvtam az els\u0151 alkalomra, de kor\u00e1bban nem volt k\u00f6nyvt\u00e1rtag. Az\u00f3ta m\u00e1r beiratkozott \u00e9s valamennyi Szab\u00f3 Magda-reg\u00e9nyt elolvasta, mert a R\u00e9gim\u00f3di t\u00f6rt\u00e9net meghozta\u00a0 a kedv\u00e9t az olvas\u00e1shoz&#8230;! Egy\u00e9bk\u00e9nt \u00e9rezhet\u0151en t\u00f6bben olvasnak &hellip; <a href=\"http:\/\/olvasodelalfold.sk-szeged.hu\/?p=1737\">Folytat\u00e1s <span class=\"meta-nav\">&rarr;<\/span><\/a><\/p>\n","protected":false},"author":2,"featured_media":0,"comment_status":"closed","ping_status":"open","sticky":false,"template":"","format":"standard","meta":{"ngg_post_thumbnail":0,"footnotes":""},"categories":[9,107,12],"tags":[],"class_list":["post-1737","post","type-post","status-publish","format-standard","hentry","category-a-no-ezer-arca","category-paragine-toth-edina","category-zakanyszek"],"_links":{"self":[{"href":"http:\/\/olvasodelalfold.sk-szeged.hu\/index.php?rest_route=\/wp\/v2\/posts\/1737","targetHints":{"allow":["GET"]}}],"collection":[{"href":"http:\/\/olvasodelalfold.sk-szeged.hu\/index.php?rest_route=\/wp\/v2\/posts"}],"about":[{"href":"http:\/\/olvasodelalfold.sk-szeged.hu\/index.php?rest_route=\/wp\/v2\/types\/post"}],"author":[{"embeddable":true,"href":"http:\/\/olvasodelalfold.sk-szeged.hu\/index.php?rest_route=\/wp\/v2\/users\/2"}],"replies":[{"embeddable":true,"href":"http:\/\/olvasodelalfold.sk-szeged.hu\/index.php?rest_route=%2Fwp%2Fv2%2Fcomments&post=1737"}],"version-history":[{"count":7,"href":"http:\/\/olvasodelalfold.sk-szeged.hu\/index.php?rest_route=\/wp\/v2\/posts\/1737\/revisions"}],"predecessor-version":[{"id":1742,"href":"http:\/\/olvasodelalfold.sk-szeged.hu\/index.php?rest_route=\/wp\/v2\/posts\/1737\/revisions\/1742"}],"wp:attachment":[{"href":"http:\/\/olvasodelalfold.sk-szeged.hu\/index.php?rest_route=%2Fwp%2Fv2%2Fmedia&parent=1737"}],"wp:term":[{"taxonomy":"category","embeddable":true,"href":"http:\/\/olvasodelalfold.sk-szeged.hu\/index.php?rest_route=%2Fwp%2Fv2%2Fcategories&post=1737"},{"taxonomy":"post_tag","embeddable":true,"href":"http:\/\/olvasodelalfold.sk-szeged.hu\/index.php?rest_route=%2Fwp%2Fv2%2Ftags&post=1737"}],"curies":[{"name":"wp","href":"https:\/\/api.w.org\/{rel}","templated":true}]}}