{"id":1731,"date":"2013-06-18T15:29:22","date_gmt":"2013-06-18T13:29:22","guid":{"rendered":"http:\/\/olvasodelalfold.sk-szeged.hu\/?p=1731"},"modified":"2013-06-18T15:31:02","modified_gmt":"2013-06-18T13:31:02","slug":"apro-feladvanyok-a-napilapokban-gratulalunk-a-nyerteseknek","status":"publish","type":"post","link":"http:\/\/olvasodelalfold.sk-szeged.hu\/?p=1731","title":{"rendered":"Apr\u00f3 feladv\u00e1nyok a napilapokban \u2013 gratul\u00e1lunk a nyerteseknek!"},"content":{"rendered":"<p><a href=\"http:\/\/olvasodelalfold.sk-szeged.hu\/wp-content\/uploads\/2013\/06\/anna_karenina.jpg\"><img loading=\"lazy\" decoding=\"async\" class=\"alignleft  wp-image-1732\" alt=\"anna_karenina\" src=\"http:\/\/olvasodelalfold.sk-szeged.hu\/wp-content\/uploads\/2013\/06\/anna_karenina.jpg\" width=\"221\" height=\"365\" srcset=\"http:\/\/olvasodelalfold.sk-szeged.hu\/wp-content\/uploads\/2013\/06\/anna_karenina.jpg 350w, http:\/\/olvasodelalfold.sk-szeged.hu\/wp-content\/uploads\/2013\/06\/anna_karenina-181x300.jpg 181w\" sizes=\"auto, (max-width: 221px) 100vw, 221px\" \/><\/a><br \/>\nAz Olvas\u00f3 D\u00e9l-Alf\u00f6ld program keret\u00e9ben<strong> a megyei napilapok has\u00e1bjain<\/strong> is lehet\u0151s\u00e9g ny\u00edlik a j\u00e1t\u00e9kra. A feltett k\u00e9rd\u00e9sre helyesen v\u00e1laszol\u00f3k aj\u00e1nd\u00e9kk\u00f6nyvet nyerhetnek. Az els\u0151 fordul\u00f3ban a k\u00f6vetkez\u0151 k\u00e9rd\u00e9st tett\u00fck fel Tolsztoj Anna Karenina c\u00edm\u0171 reg\u00e9nye kapcs\u00e1n:<\/p>\n<p>Kihez megy f\u00e9rjhez Kitty Scserbackaja hercegn\u0151 Lev Tolsztoj Anna Karenina c\u00edm\u0171 reg\u00e9ny\u00e9ben?<\/p>\n<p>A helyes v\u00e1lasz:<br \/>\nLevin Konsztantyin Dmitrics vid\u00e9ki f\u00f6ldbirtokoshoz<\/p>\n<p><strong>A szerencs\u00e9s nyertesek<\/strong> nev\u00e9t honlapunkon is k\u00f6zz\u00e9tessz\u00fck:<\/p>\n<p>B\u00e1cs-Kiskun megye: Mih\u00e1lovicsn\u00e9 Cseri Judit, Ny\u00fal Gyula, Somodin\u00e9 Horv\u00e1th Val\u00e9ria<br \/>\nB\u00e9k\u00e9s megye: Juh\u00e1sz Zsolt, Juh\u00e1szn\u00e9 Kiss Henrietta, Kiss T\u00fcnde<br \/>\nCsongr\u00e1d megye: Papp L\u00e1szl\u00f3, R\u00e1cz L\u00e1szl\u00f3n\u00e9, dr. Tompa P\u00e1ln\u00e9, Szeged<\/p>\n<p>Hamarosan \u00fajabb k\u00e9rd\u00e9st tesz\u00fcnk fel a napilapokban \u2013 \u00e9rdemes vel\u00fcnk j\u00e1tszani!<\/p>\n<h3>Kapcsol\u00f3d\u00f3 k\u00e9pek:<\/h3>","protected":false},"excerpt":{"rendered":"<p>Az Olvas\u00f3 D\u00e9l-Alf\u00f6ld program keret\u00e9ben a megyei napilapok has\u00e1bjain is lehet\u0151s\u00e9g ny\u00edlik a j\u00e1t\u00e9kra. A feltett k\u00e9rd\u00e9sre helyesen v\u00e1laszol\u00f3k aj\u00e1nd\u00e9kk\u00f6nyvet nyerhetnek. Az els\u0151 fordul\u00f3ban a k\u00f6vetkez\u0151 k\u00e9rd\u00e9st tett\u00fck fel Tolsztoj Anna Karenina c\u00edm\u0171 reg\u00e9nye kapcs\u00e1n: Kihez megy f\u00e9rjhez Kitty Scserbackaja &hellip; <a href=\"http:\/\/olvasodelalfold.sk-szeged.hu\/?p=1731\">Folytat\u00e1s <span class=\"meta-nav\">&rarr;<\/span><\/a><\/p>\n","protected":false},"author":2,"featured_media":0,"comment_status":"closed","ping_status":"open","sticky":false,"template":"","format":"standard","meta":{"ngg_post_thumbnail":0,"footnotes":""},"categories":[135],"tags":[],"class_list":["post-1731","post","type-post","status-publish","format-standard","hentry","category-apro-feladvanyok"],"_links":{"self":[{"href":"http:\/\/olvasodelalfold.sk-szeged.hu\/index.php?rest_route=\/wp\/v2\/posts\/1731","targetHints":{"allow":["GET"]}}],"collection":[{"href":"http:\/\/olvasodelalfold.sk-szeged.hu\/index.php?rest_route=\/wp\/v2\/posts"}],"about":[{"href":"http:\/\/olvasodelalfold.sk-szeged.hu\/index.php?rest_route=\/wp\/v2\/types\/post"}],"author":[{"embeddable":true,"href":"http:\/\/olvasodelalfold.sk-szeged.hu\/index.php?rest_route=\/wp\/v2\/users\/2"}],"replies":[{"embeddable":true,"href":"http:\/\/olvasodelalfold.sk-szeged.hu\/index.php?rest_route=%2Fwp%2Fv2%2Fcomments&post=1731"}],"version-history":[{"count":4,"href":"http:\/\/olvasodelalfold.sk-szeged.hu\/index.php?rest_route=\/wp\/v2\/posts\/1731\/revisions"}],"predecessor-version":[{"id":1734,"href":"http:\/\/olvasodelalfold.sk-szeged.hu\/index.php?rest_route=\/wp\/v2\/posts\/1731\/revisions\/1734"}],"wp:attachment":[{"href":"http:\/\/olvasodelalfold.sk-szeged.hu\/index.php?rest_route=%2Fwp%2Fv2%2Fmedia&parent=1731"}],"wp:term":[{"taxonomy":"category","embeddable":true,"href":"http:\/\/olvasodelalfold.sk-szeged.hu\/index.php?rest_route=%2Fwp%2Fv2%2Fcategories&post=1731"},{"taxonomy":"post_tag","embeddable":true,"href":"http:\/\/olvasodelalfold.sk-szeged.hu\/index.php?rest_route=%2Fwp%2Fv2%2Ftags&post=1731"}],"curies":[{"name":"wp","href":"https:\/\/api.w.org\/{rel}","templated":true}]}}