{"id":1722,"date":"2013-06-17T22:34:18","date_gmt":"2013-06-17T20:34:18","guid":{"rendered":"http:\/\/olvasodelalfold.sk-szeged.hu\/?p=1722"},"modified":"2013-06-17T22:41:34","modified_gmt":"2013-06-17T20:41:34","slug":"vigyazat-vadnyugat","status":"publish","type":"post","link":"http:\/\/olvasodelalfold.sk-szeged.hu\/?p=1722","title":{"rendered":"Vigy\u00e1zat vadnyugat!"},"content":{"rendered":"<p><a href=\"http:\/\/olvasodelalfold.sk-szeged.hu\/wp-content\/uploads\/2013\/06\/ulles6.jpg\"><img loading=\"lazy\" decoding=\"async\" class=\"alignleft  wp-image-1723\" alt=\"ulles6\" src=\"http:\/\/olvasodelalfold.sk-szeged.hu\/wp-content\/uploads\/2013\/06\/ulles6.jpg\" width=\"388\" height=\"257\" srcset=\"http:\/\/olvasodelalfold.sk-szeged.hu\/wp-content\/uploads\/2013\/06\/ulles6.jpg 616w, http:\/\/olvasodelalfold.sk-szeged.hu\/wp-content\/uploads\/2013\/06\/ulles6-300x198.jpg 300w, http:\/\/olvasodelalfold.sk-szeged.hu\/wp-content\/uploads\/2013\/06\/ulles6-452x300.jpg 452w\" sizes=\"auto, (max-width: 388px) 100vw, 388px\" \/><\/a><\/p>\n<p>Az \u00fcll\u00e9si gyerekek szemmel l\u00e1that\u00f3an j\u00f3l sz\u00f3rakoztak a f\u00e9lid\u0151s \u00f6sszes\u00edt\u00e9s alapj\u00e1n megnyert aj\u00e1nd\u00e9krendezv\u00e9nyen.<\/p>\n<p>2013. j\u00fanius 13-\u00e1n a <a href=\"http:\/\/www.miniszinhaz.hu\" target=\"_blank\">Szegedi Minisz\u00ednh\u00e1z <\/a>t\u00e1rsulata telth\u00e1z el\u0151tt \u00e9s hangos tetsz\u00e9snyilv\u00e1n\u00edt\u00e1s k\u00eds\u00e9ret\u00e9ben adta el\u0151 a telep\u00fcl\u00e9sen a Vigy\u00e1zat vadnyugat! c\u00edm\u0171 vid\u00e1m, zen\u00e9s kom\u00e9di\u00e1t.<\/p>\n<p>Rem\u00e9lj\u00fck, hogy Tiszaalp\u00e1ron \u00e9s D\u00e9vav\u00e1ny\u00e1n is hasonl\u00f3 sikere volt az &#8222;olvas\u00e1son nyert&#8221; programnak.<\/p>\nngg_shortcode_0_placeholder\n<h3>Kapcsol\u00f3d\u00f3 k\u00e9pek:<\/h3>","protected":false},"excerpt":{"rendered":"<p>Az \u00fcll\u00e9si gyerekek szemmel l\u00e1that\u00f3an j\u00f3l sz\u00f3rakoztak a f\u00e9lid\u0151s \u00f6sszes\u00edt\u00e9s alapj\u00e1n megnyert aj\u00e1nd\u00e9krendezv\u00e9nyen. 2013. j\u00fanius 13-\u00e1n a Szegedi Minisz\u00ednh\u00e1z t\u00e1rsulata telth\u00e1z el\u0151tt \u00e9s hangos tetsz\u00e9snyilv\u00e1n\u00edt\u00e1s k\u00eds\u00e9ret\u00e9ben adta el\u0151 a telep\u00fcl\u00e9sen a Vigy\u00e1zat vadnyugat! c\u00edm\u0171 vid\u00e1m, zen\u00e9s kom\u00e9di\u00e1t. Rem\u00e9lj\u00fck, hogy Tiszaalp\u00e1ron &hellip; <a href=\"http:\/\/olvasodelalfold.sk-szeged.hu\/?p=1722\">Folytat\u00e1s <span class=\"meta-nav\">&rarr;<\/span><\/a><\/p>\n","protected":false},"author":2,"featured_media":0,"comment_status":"closed","ping_status":"open","sticky":false,"template":"","format":"standard","meta":{"ngg_post_thumbnail":0,"footnotes":""},"categories":[127,143],"tags":[],"class_list":["post-1722","post","type-post","status-publish","format-standard","hentry","category-olvasasi-verseny","category-ulles"],"_links":{"self":[{"href":"http:\/\/olvasodelalfold.sk-szeged.hu\/index.php?rest_route=\/wp\/v2\/posts\/1722","targetHints":{"allow":["GET"]}}],"collection":[{"href":"http:\/\/olvasodelalfold.sk-szeged.hu\/index.php?rest_route=\/wp\/v2\/posts"}],"about":[{"href":"http:\/\/olvasodelalfold.sk-szeged.hu\/index.php?rest_route=\/wp\/v2\/types\/post"}],"author":[{"embeddable":true,"href":"http:\/\/olvasodelalfold.sk-szeged.hu\/index.php?rest_route=\/wp\/v2\/users\/2"}],"replies":[{"embeddable":true,"href":"http:\/\/olvasodelalfold.sk-szeged.hu\/index.php?rest_route=%2Fwp%2Fv2%2Fcomments&post=1722"}],"version-history":[{"count":5,"href":"http:\/\/olvasodelalfold.sk-szeged.hu\/index.php?rest_route=\/wp\/v2\/posts\/1722\/revisions"}],"predecessor-version":[{"id":1728,"href":"http:\/\/olvasodelalfold.sk-szeged.hu\/index.php?rest_route=\/wp\/v2\/posts\/1722\/revisions\/1728"}],"wp:attachment":[{"href":"http:\/\/olvasodelalfold.sk-szeged.hu\/index.php?rest_route=%2Fwp%2Fv2%2Fmedia&parent=1722"}],"wp:term":[{"taxonomy":"category","embeddable":true,"href":"http:\/\/olvasodelalfold.sk-szeged.hu\/index.php?rest_route=%2Fwp%2Fv2%2Fcategories&post=1722"},{"taxonomy":"post_tag","embeddable":true,"href":"http:\/\/olvasodelalfold.sk-szeged.hu\/index.php?rest_route=%2Fwp%2Fv2%2Ftags&post=1722"}],"curies":[{"name":"wp","href":"https:\/\/api.w.org\/{rel}","templated":true}]}}