{"id":1696,"date":"2013-05-25T08:36:13","date_gmt":"2013-05-25T06:36:13","guid":{"rendered":"http:\/\/olvasodelalfold.sk-szeged.hu\/?p=1696"},"modified":"2013-06-13T09:18:23","modified_gmt":"2013-06-13T07:18:23","slug":"itt-a-vege-fuss-el-vele","status":"publish","type":"post","link":"http:\/\/olvasodelalfold.sk-szeged.hu\/?p=1696","title":{"rendered":"Itt a v\u00e9ge, fuss el v\u00e9le!"},"content":{"rendered":"<p><strong><\/strong><a href=\"http:\/\/olvasodelalfold.sk-szeged.hu\/wp-content\/uploads\/2013\/05\/negy_evszak5.jpg\"><img loading=\"lazy\" decoding=\"async\" class=\"alignleft  wp-image-1697\" alt=\"negy_evszak5\" src=\"http:\/\/olvasodelalfold.sk-szeged.hu\/wp-content\/uploads\/2013\/05\/negy_evszak5.jpg\" width=\"240\" height=\"180\" srcset=\"http:\/\/olvasodelalfold.sk-szeged.hu\/wp-content\/uploads\/2013\/05\/negy_evszak5.jpg 400w, http:\/\/olvasodelalfold.sk-szeged.hu\/wp-content\/uploads\/2013\/05\/negy_evszak5-300x225.jpg 300w\" sizes=\"auto, (max-width: 240px) 100vw, 240px\" \/><\/a><\/p>\n<p>A <strong>N\u00e9gy \u00e9vszak, n\u00e9gy elem<\/strong> \u2013 versek, mes\u00e9k nagyothall\u00f3knak programsorozat 5. foglalkoz\u00e1sa<\/p>\n<p>T\u00f6bb szempontb\u00f3l is rendhagy\u00f3 alkalom volt ez a foglalkoz\u00e1s a gyermekek sz\u00e1m\u00e1ra. Egyr\u00e9szt k\u00f6z\u00f6s k\u00e9sz\u00fcl\u00e9s el\u0151zte meg, mert az elhangzott mese hosszabb sz\u00f6veg\u00e9t csak \u00edgy tudt\u00e1k meg\u00e9rteni, m\u00e1sr\u00e9szt a tal\u00e1lkoz\u00e1st nem vers, hanem mese, a R\u00f3ka \u00e9s a holl\u00f3 c\u00edm\u0171 mese b\u00e1bj\u00e1t\u00e9kos el\u0151ad\u00e1sa t\u00f6lt\u00f6tte be. A gyermekek egym\u00e1s ut\u00e1n t\u00f6bbsz\u00f6r k\u00e9rt\u00e9k T\u00f3th Andi b\u00e1bj\u00e1t\u00e9kost az el\u0151ad\u00e1s megism\u00e9tl\u00e9s\u00e9re, majd \u00f6nfeledten \u0151k maguk is \u00fajra \u00e9s \u00fajra elj\u00e1tszott\u00e1k\u00a0 k\u00fcl\u00f6nb\u00f6z\u0151 r\u00e9szleteit.<\/p>\n<p>El\u0151ad\u00f3: <strong>T\u00f3th Andi<\/strong> b\u00e1bj\u00e1t\u00e9kos<\/p>\n<blockquote>\n<ul>\n<li>Kl\u00fag P\u00e9ter \u00d3voda, \u00c1ltal\u00e1nos Iskola, Szeged<br \/>\n2013. m\u00e1jus 21.<\/li>\n<\/ul>\n<\/blockquote>\nngg_shortcode_0_placeholder\n<p>&nbsp;<\/p>\n<h3>Kapcsol\u00f3d\u00f3 k\u00e9pek:<\/h3>","protected":false},"excerpt":{"rendered":"<p>A N\u00e9gy \u00e9vszak, n\u00e9gy elem \u2013 versek, mes\u00e9k nagyothall\u00f3knak programsorozat 5. foglalkoz\u00e1sa T\u00f6bb szempontb\u00f3l is rendhagy\u00f3 alkalom volt ez a foglalkoz\u00e1s a gyermekek sz\u00e1m\u00e1ra. Egyr\u00e9szt k\u00f6z\u00f6s k\u00e9sz\u00fcl\u00e9s el\u0151zte meg, mert az elhangzott mese hosszabb sz\u00f6veg\u00e9t csak \u00edgy tudt\u00e1k meg\u00e9rteni, m\u00e1sr\u00e9szt &hellip; <a href=\"http:\/\/olvasodelalfold.sk-szeged.hu\/?p=1696\">Folytat\u00e1s <span class=\"meta-nav\">&rarr;<\/span><\/a><\/p>\n","protected":false},"author":2,"featured_media":0,"comment_status":"closed","ping_status":"open","sticky":false,"template":"","format":"standard","meta":{"ngg_post_thumbnail":0,"footnotes":""},"categories":[36,46,142],"tags":[],"class_list":["post-1696","post","type-post","status-publish","format-standard","hentry","category-negy-evszak-negy-elem","category-szeged","category-toth-andi"],"_links":{"self":[{"href":"http:\/\/olvasodelalfold.sk-szeged.hu\/index.php?rest_route=\/wp\/v2\/posts\/1696","targetHints":{"allow":["GET"]}}],"collection":[{"href":"http:\/\/olvasodelalfold.sk-szeged.hu\/index.php?rest_route=\/wp\/v2\/posts"}],"about":[{"href":"http:\/\/olvasodelalfold.sk-szeged.hu\/index.php?rest_route=\/wp\/v2\/types\/post"}],"author":[{"embeddable":true,"href":"http:\/\/olvasodelalfold.sk-szeged.hu\/index.php?rest_route=\/wp\/v2\/users\/2"}],"replies":[{"embeddable":true,"href":"http:\/\/olvasodelalfold.sk-szeged.hu\/index.php?rest_route=%2Fwp%2Fv2%2Fcomments&post=1696"}],"version-history":[{"count":5,"href":"http:\/\/olvasodelalfold.sk-szeged.hu\/index.php?rest_route=\/wp\/v2\/posts\/1696\/revisions"}],"predecessor-version":[{"id":1700,"href":"http:\/\/olvasodelalfold.sk-szeged.hu\/index.php?rest_route=\/wp\/v2\/posts\/1696\/revisions\/1700"}],"wp:attachment":[{"href":"http:\/\/olvasodelalfold.sk-szeged.hu\/index.php?rest_route=%2Fwp%2Fv2%2Fmedia&parent=1696"}],"wp:term":[{"taxonomy":"category","embeddable":true,"href":"http:\/\/olvasodelalfold.sk-szeged.hu\/index.php?rest_route=%2Fwp%2Fv2%2Fcategories&post=1696"},{"taxonomy":"post_tag","embeddable":true,"href":"http:\/\/olvasodelalfold.sk-szeged.hu\/index.php?rest_route=%2Fwp%2Fv2%2Ftags&post=1696"}],"curies":[{"name":"wp","href":"https:\/\/api.w.org\/{rel}","templated":true}]}}