{"id":1655,"date":"2013-05-15T13:52:35","date_gmt":"2013-05-15T11:52:35","guid":{"rendered":"http:\/\/olvasodelalfold.sk-szeged.hu\/?p=1655"},"modified":"2013-06-05T14:03:03","modified_gmt":"2013-06-05T12:03:03","slug":"konyvajanlo-arnold-schwarzenegger-emlekmas","status":"publish","type":"post","link":"http:\/\/olvasodelalfold.sk-szeged.hu\/?p=1655","title":{"rendered":"K\u00f6nyvaj\u00e1nl\u00f3 \u2013 Arnold Schwarzenegger: Eml\u00e9km\u00e1s"},"content":{"rendered":"<p><a href=\"http:\/\/olvasodelalfold.sk-szeged.hu\/wp-content\/uploads\/2013\/06\/emlekmas.jpg\"><img loading=\"lazy\" decoding=\"async\" class=\"alignleft  wp-image-1656\" alt=\"emlekmas\" src=\"http:\/\/olvasodelalfold.sk-szeged.hu\/wp-content\/uploads\/2013\/06\/emlekmas.jpg\" width=\"210\" height=\"319\" srcset=\"http:\/\/olvasodelalfold.sk-szeged.hu\/wp-content\/uploads\/2013\/06\/emlekmas.jpg 300w, http:\/\/olvasodelalfold.sk-szeged.hu\/wp-content\/uploads\/2013\/06\/emlekmas-197x300.jpg 197w\" sizes=\"auto, (max-width: 210px) 100vw, 210px\" \/><\/a><\/p>\n<p>A Conan, a Termin\u00e1tor filmek szt\u00e1rja ebben a k\u00f6nyv\u00e9ben \u00e9rdekfesz\u00edt\u0151en t\u00e1lalja hihetetlen \u00e9lett\u00f6rt\u00e9net\u00e9t, mely egy osztr\u00e1k v\u00e1rosk\u00e1b\u00f3l indult.<br \/>\nHogyan v\u00e1lt vil\u00e1gh\u00edr\u0171 filmszt\u00e1rr\u00e1 a h\u00e9tszeres (!) Mr. Olympia bajnok? Mennyiben seg\u00edtette politikai karrierj\u00e9t feles\u00e9ge, a Kennedy-kl\u00e1nhoz<br \/>\ntartoz\u00f3 Maria Shriver? A k\u00f6tet \u0151szinte, korrekt vallom\u00e1s eddigi er\u0151fesz\u00edt\u00e9seir\u0151l.<\/p>\n<p>&#8222;Nem hinn\u00e9m, hogy van olyan, a m\u00e1ban \u00e9l\u0151 ember, aki ne hallott volna Schwarzeneggerr\u0151l ak\u00e1r a test\u00e9p\u00edt\u00e9s, ak\u00e1r a filmszerepei, ak\u00e1r a politikai szerepv\u00e1llal\u00e1sa kapcs\u00e1n. Sz\u00f3val nem hinn\u00e9m. De vajon azt is tudja r\u00f3la mindenki, hogy II. J\u00e1nos P\u00e1l p\u00e1p\u00e1val oldott l\u00e9gk\u00f6r\u0171 tal\u00e1lkoz\u00f3n vitatt\u00e1k meg a test\u00e9p\u00edt\u00e9s fontoss\u00e1g\u00e1t; hogy anno k\u00f6z\u00f6sen \u00edrt besz\u00e9deket az ifjabbik Bush-al az Air Force Two fed\u00e9lzet\u00e9n; hogy j\u00f3 bar\u00e1tja Mihail Gorbacsovnak, akit az egyik legb\u00e1trabb politikusnak tart; hogy szem\u00e9lyes \u00f6tlete \u00e9s tervei miatt jelentek meg a civil \u00e9rt\u00e9kes\u00edt\u00e9sben az echte katonai gy\u00e1rt\u00e1s\u00fa Hummer terepj\u00e1r\u00f3k&#8230;?&#8221; <a href=\"http:\/\/ekultura.hu\/olvasnivalo\/ajanlok\/cikk\/2012-12-21+15%3A00%3A00\/arnold-schwarzenegger-emlekmas\" target=\"_blank\">Tov\u00e1bb&#8230;<\/a> (Szilv\u00e1si Kriszti\u00e1n, ekultura.hu)<\/p>\n<p><a href=\"http:\/\/est.hu\/cikk\/101485\/emlekmas_-_interju_arnold_schwarzeneggerrel\" target=\"_blank\">Eml\u00e9km\u00e1s \u2013 Interj\u00fa Arnold Schwarzeneggerrel<\/a> (est.hu)<\/p>\n<h3>Kapcsol\u00f3d\u00f3 k\u00e9pek:<\/h3>","protected":false},"excerpt":{"rendered":"<p>A Conan, a Termin\u00e1tor filmek szt\u00e1rja ebben a k\u00f6nyv\u00e9ben \u00e9rdekfesz\u00edt\u0151en t\u00e1lalja hihetetlen \u00e9lett\u00f6rt\u00e9net\u00e9t, mely egy osztr\u00e1k v\u00e1rosk\u00e1b\u00f3l indult. Hogyan v\u00e1lt vil\u00e1gh\u00edr\u0171 filmszt\u00e1rr\u00e1 a h\u00e9tszeres (!) Mr. Olympia bajnok? Mennyiben seg\u00edtette politikai karrierj\u00e9t feles\u00e9ge, a Kennedy-kl\u00e1nhoz tartoz\u00f3 Maria Shriver? A k\u00f6tet &hellip; <a href=\"http:\/\/olvasodelalfold.sk-szeged.hu\/?p=1655\">Folytat\u00e1s <span class=\"meta-nav\">&rarr;<\/span><\/a><\/p>\n","protected":false},"author":2,"featured_media":0,"comment_status":"closed","ping_status":"open","sticky":false,"template":"","format":"standard","meta":{"ngg_post_thumbnail":0,"footnotes":""},"categories":[83],"tags":[140],"class_list":["post-1655","post","type-post","status-publish","format-standard","hentry","category-felnotteknek","tag-arnold-schwarzenegger"],"_links":{"self":[{"href":"http:\/\/olvasodelalfold.sk-szeged.hu\/index.php?rest_route=\/wp\/v2\/posts\/1655","targetHints":{"allow":["GET"]}}],"collection":[{"href":"http:\/\/olvasodelalfold.sk-szeged.hu\/index.php?rest_route=\/wp\/v2\/posts"}],"about":[{"href":"http:\/\/olvasodelalfold.sk-szeged.hu\/index.php?rest_route=\/wp\/v2\/types\/post"}],"author":[{"embeddable":true,"href":"http:\/\/olvasodelalfold.sk-szeged.hu\/index.php?rest_route=\/wp\/v2\/users\/2"}],"replies":[{"embeddable":true,"href":"http:\/\/olvasodelalfold.sk-szeged.hu\/index.php?rest_route=%2Fwp%2Fv2%2Fcomments&post=1655"}],"version-history":[{"count":1,"href":"http:\/\/olvasodelalfold.sk-szeged.hu\/index.php?rest_route=\/wp\/v2\/posts\/1655\/revisions"}],"predecessor-version":[{"id":1657,"href":"http:\/\/olvasodelalfold.sk-szeged.hu\/index.php?rest_route=\/wp\/v2\/posts\/1655\/revisions\/1657"}],"wp:attachment":[{"href":"http:\/\/olvasodelalfold.sk-szeged.hu\/index.php?rest_route=%2Fwp%2Fv2%2Fmedia&parent=1655"}],"wp:term":[{"taxonomy":"category","embeddable":true,"href":"http:\/\/olvasodelalfold.sk-szeged.hu\/index.php?rest_route=%2Fwp%2Fv2%2Fcategories&post=1655"},{"taxonomy":"post_tag","embeddable":true,"href":"http:\/\/olvasodelalfold.sk-szeged.hu\/index.php?rest_route=%2Fwp%2Fv2%2Ftags&post=1655"}],"curies":[{"name":"wp","href":"https:\/\/api.w.org\/{rel}","templated":true}]}}