{"id":1551,"date":"2013-05-06T22:38:21","date_gmt":"2013-05-06T20:38:21","guid":{"rendered":"http:\/\/olvasodelalfold.sk-szeged.hu\/?p=1551"},"modified":"2013-05-06T22:54:07","modified_gmt":"2013-05-06T20:54:07","slug":"mestersegem-cimere-jatek-ajandekkonyvekert","status":"publish","type":"post","link":"http:\/\/olvasodelalfold.sk-szeged.hu\/?p=1551","title":{"rendered":"&#8222;Mesters\u00e9gem c\u00edmere&#8230;&#8221; \u2013 j\u00e1t\u00e9k aj\u00e1nd\u00e9kk\u00f6nyvek\u00e9rt"},"content":{"rendered":"<p><a href=\"http:\/\/olvasodelalfold.sk-szeged.hu\/wp-content\/uploads\/2013\/05\/kerdojel4.jpg\"><img loading=\"lazy\" decoding=\"async\" class=\"alignleft  wp-image-1556\" alt=\"kerdojel4\" src=\"http:\/\/olvasodelalfold.sk-szeged.hu\/wp-content\/uploads\/2013\/05\/kerdojel4.jpg\" width=\"194\" height=\"251\" srcset=\"http:\/\/olvasodelalfold.sk-szeged.hu\/wp-content\/uploads\/2013\/05\/kerdojel4.jpg 300w, http:\/\/olvasodelalfold.sk-szeged.hu\/wp-content\/uploads\/2013\/05\/kerdojel4-231x300.jpg 231w\" sizes=\"auto, (max-width: 194px) 100vw, 194px\" \/><\/a><br \/>\n<strong>\u00cdme az \u00fajabb feladv\u00e1ny \u2013 \u00fajabb\u00a0 jutalomk\u00f6nyvek\u00e9rt!<\/strong><\/p>\n<p>\u201eS hogy valamit f\u0151iskol\u00e1ban m\u00e9gis v\u00e9gezzek, a kereskedelmi akad\u00e9mi\u00e1n szereztem oklevelet. Ezzel az oklev\u00e9llel s egy t\u00edzkoron\u00e1s arannyal elindultam, hogy l\u00e1ssam \u00e9s tanulm\u00e1nyozzam a vil\u00e1got. Messzire v\u00e1gytam, hogy az \u00e9rtelmemet helyes \u00edt\u00e9letre, s a szememet \u00e9les l\u00e1t\u00e1sra szoktassam. Amerik\u00e1ba mentem&#8230;Nem is akartam \u201e\u00edr\u00f3\u201d lenni soha.&#8221; E sorokat Tam\u00e1si \u00c1ron \u00f6n\u00e9letrajz\u00e1ban olvashatjuk. Rajta k\u00edv\u00fcl sok, ma m\u00e1r klasszikus \u00e9rtelemben vett \u00edr\u00f3nak volt m\u00e1s v\u00e9gzetts\u00e9ge, szakm\u00e1ja az \u00edr\u00e1son k\u00edv\u00fcl. A k\u00f6vetkez\u0151 szem\u00e9lyek sem \u00edr\u00f3nak indultak.Mi volt a v\u00e9gzetts\u00e9g\u00fck?<\/p>\n<p><strong>V\u00e1laszd ki a nevekhez tartoz\u00f3 foglalkoz\u00e1st!<\/strong><\/p>\n<p>Tam\u00e1si\u00a0 \u00c1ron, Dugonics Andr\u00e1s, N\u00e9meth L\u00e1szl\u00f3, T\u00f6m\u00f6rk\u00e9ny Istv\u00e1n<br \/>\nfogorvos, matematikus, banktisztvisel\u0151, gy\u00f3gyszer\u00e9sz<\/p>\n<p>A megfejt\u00e9seket<strong> m\u00e1jus 19-ig<\/strong> v\u00e1rjuk a szokott e-mail c\u00edmre: <strong>olvasok@sk-szeged.hu<\/strong><br \/>\nA nyerem\u00e9nyeket post\u00e1n k\u00fcldj\u00fck ki, ez\u00e9rt az e-mailben felt\u00e9tlen\u00fcl szerepeljen a<strong> levelez\u00e9si c\u00edm<\/strong> is!<\/p>\n<h3>Kapcsol\u00f3d\u00f3 k\u00e9pek:<\/h3>","protected":false},"excerpt":{"rendered":"<p>\u00cdme az \u00fajabb feladv\u00e1ny \u2013 \u00fajabb\u00a0 jutalomk\u00f6nyvek\u00e9rt! \u201eS hogy valamit f\u0151iskol\u00e1ban m\u00e9gis v\u00e9gezzek, a kereskedelmi akad\u00e9mi\u00e1n szereztem oklevelet. Ezzel az oklev\u00e9llel s egy t\u00edzkoron\u00e1s arannyal elindultam, hogy l\u00e1ssam \u00e9s tanulm\u00e1nyozzam a vil\u00e1got. Messzire v\u00e1gytam, hogy az \u00e9rtelmemet helyes \u00edt\u00e9letre, s &hellip; <a href=\"http:\/\/olvasodelalfold.sk-szeged.hu\/?p=1551\">Folytat\u00e1s <span class=\"meta-nav\">&rarr;<\/span><\/a><\/p>\n","protected":false},"author":2,"featured_media":0,"comment_status":"closed","ping_status":"open","sticky":false,"template":"","format":"standard","meta":{"ngg_post_thumbnail":0,"footnotes":""},"categories":[135],"tags":[],"class_list":["post-1551","post","type-post","status-publish","format-standard","hentry","category-apro-feladvanyok"],"_links":{"self":[{"href":"http:\/\/olvasodelalfold.sk-szeged.hu\/index.php?rest_route=\/wp\/v2\/posts\/1551","targetHints":{"allow":["GET"]}}],"collection":[{"href":"http:\/\/olvasodelalfold.sk-szeged.hu\/index.php?rest_route=\/wp\/v2\/posts"}],"about":[{"href":"http:\/\/olvasodelalfold.sk-szeged.hu\/index.php?rest_route=\/wp\/v2\/types\/post"}],"author":[{"embeddable":true,"href":"http:\/\/olvasodelalfold.sk-szeged.hu\/index.php?rest_route=\/wp\/v2\/users\/2"}],"replies":[{"embeddable":true,"href":"http:\/\/olvasodelalfold.sk-szeged.hu\/index.php?rest_route=%2Fwp%2Fv2%2Fcomments&post=1551"}],"version-history":[{"count":6,"href":"http:\/\/olvasodelalfold.sk-szeged.hu\/index.php?rest_route=\/wp\/v2\/posts\/1551\/revisions"}],"predecessor-version":[{"id":1559,"href":"http:\/\/olvasodelalfold.sk-szeged.hu\/index.php?rest_route=\/wp\/v2\/posts\/1551\/revisions\/1559"}],"wp:attachment":[{"href":"http:\/\/olvasodelalfold.sk-szeged.hu\/index.php?rest_route=%2Fwp%2Fv2%2Fmedia&parent=1551"}],"wp:term":[{"taxonomy":"category","embeddable":true,"href":"http:\/\/olvasodelalfold.sk-szeged.hu\/index.php?rest_route=%2Fwp%2Fv2%2Fcategories&post=1551"},{"taxonomy":"post_tag","embeddable":true,"href":"http:\/\/olvasodelalfold.sk-szeged.hu\/index.php?rest_route=%2Fwp%2Fv2%2Ftags&post=1551"}],"curies":[{"name":"wp","href":"https:\/\/api.w.org\/{rel}","templated":true}]}}