{"id":1547,"date":"2013-05-06T11:36:05","date_gmt":"2013-05-06T09:36:05","guid":{"rendered":"http:\/\/olvasodelalfold.sk-szeged.hu\/?p=1547"},"modified":"2013-05-06T11:43:14","modified_gmt":"2013-05-06T09:43:14","slug":"rejtozkodo-gratulalunk-a-nyerteseknek","status":"publish","type":"post","link":"http:\/\/olvasodelalfold.sk-szeged.hu\/?p=1547","title":{"rendered":"Rejt\u0151zk\u00f6d\u0151 \u2013 gratul\u00e1lunk a nyerteseknek!"},"content":{"rendered":"<p><a href=\"http:\/\/olvasodelalfold.sk-szeged.hu\/wp-content\/uploads\/2013\/04\/kerdojel3.jpg\"><img loading=\"lazy\" decoding=\"async\" class=\"alignleft  wp-image-1496\" alt=\"kerdojel3\" src=\"http:\/\/olvasodelalfold.sk-szeged.hu\/wp-content\/uploads\/2013\/04\/kerdojel3.jpg\" width=\"149\" height=\"203\" \/><\/a><br \/>\nAz el\u0151z\u0151 &#8222;apr\u00f3 feladv\u00e1nyokhoz&#8221; k\u00e9pest <strong>m\u00e1jus 5-ig meghirdetett j\u00e1t\u00e9kunkra<\/strong> valamivel kevesebb megfejt\u00e9s \u00e9rkezett. \u00d6r\u00fclt\u00fcnk viszont a B\u00e1cs-Kiskun megyei aktivit\u00e1snak, most t\u0151l\u00fck \u00e9rkezett a legt\u00f6bb e-mail!<\/p>\n<p>A helyes v\u00e1laszokat bek\u00fcld\u0151k k\u00f6z\u00fcl ism\u00e9t<strong> <strong>3 nyertest sorsoltunk ki<\/strong>, megy\u00e9nk\u00e9nt egyet-egyet<\/strong>; az aj\u00e1nd\u00e9kk\u00f6nyveket hamarosan post\u00e1zzuk az \u00e1ltaluk megadott c\u00edmre:<\/p>\n<p>Tur\u00e1n Istv\u00e1nn\u00e9 (B\u00e1cs-Kiskun megye)<br \/>\nBuv\u00e1r M\u00f3nika (B\u00e9k\u00e9s megye)<br \/>\nPapp L\u00e1szl\u00f3 (Csongr\u00e1d megye)<\/p>\n<p>Eml\u00e9keztet\u0151\u00fcl a k\u00e9rd\u00e9s \u2013 a helyes v\u00e1laszokkal:<br \/>\n<strong>Kit rejtenek a k\u00f6vetkez\u0151 \u00e1lnevek?<\/strong><br \/>\nJuhar \u2013 Juh\u00e1sz Gyula<br \/>\nNimr\u00f3d \u2013 B\u00e1rsony Istv\u00e1n<br \/>\nHomok \u2013 Cserzy Mih\u00e1ly<\/p>\n<p>(Term\u00e9szetesen az <em>\u00cdr\u00f3i \u00e1ln\u00e9vlexiko<\/em>nban felsorolt egy\u00e9b nevek valamelyik\u00e9t is elfogadtuk helyes megfejt\u00e9snek!)<\/p>\n<p>R\u00f6videsen jelentkez\u00fcnk k\u00f6vetkez\u0151 apr\u00f3 feladv\u00e1nyunkkal! Tov\u00e1bbra is j\u00e1tsszanak vel\u00fcnk \u2013 \u00e9rdemes!<\/p>\n<h3>Kapcsol\u00f3d\u00f3 k\u00e9pek:<\/h3>","protected":false},"excerpt":{"rendered":"<p>Az el\u0151z\u0151 &#8222;apr\u00f3 feladv\u00e1nyokhoz&#8221; k\u00e9pest m\u00e1jus 5-ig meghirdetett j\u00e1t\u00e9kunkra valamivel kevesebb megfejt\u00e9s \u00e9rkezett. \u00d6r\u00fclt\u00fcnk viszont a B\u00e1cs-Kiskun megyei aktivit\u00e1snak, most t\u0151l\u00fck \u00e9rkezett a legt\u00f6bb e-mail! A helyes v\u00e1laszokat bek\u00fcld\u0151k k\u00f6z\u00fcl ism\u00e9t 3 nyertest sorsoltunk ki, megy\u00e9nk\u00e9nt egyet-egyet; az aj\u00e1nd\u00e9kk\u00f6nyveket hamarosan &hellip; <a href=\"http:\/\/olvasodelalfold.sk-szeged.hu\/?p=1547\">Folytat\u00e1s <span class=\"meta-nav\">&rarr;<\/span><\/a><\/p>\n","protected":false},"author":2,"featured_media":0,"comment_status":"closed","ping_status":"open","sticky":false,"template":"","format":"standard","meta":{"ngg_post_thumbnail":0,"footnotes":""},"categories":[135],"tags":[],"class_list":["post-1547","post","type-post","status-publish","format-standard","hentry","category-apro-feladvanyok"],"_links":{"self":[{"href":"http:\/\/olvasodelalfold.sk-szeged.hu\/index.php?rest_route=\/wp\/v2\/posts\/1547","targetHints":{"allow":["GET"]}}],"collection":[{"href":"http:\/\/olvasodelalfold.sk-szeged.hu\/index.php?rest_route=\/wp\/v2\/posts"}],"about":[{"href":"http:\/\/olvasodelalfold.sk-szeged.hu\/index.php?rest_route=\/wp\/v2\/types\/post"}],"author":[{"embeddable":true,"href":"http:\/\/olvasodelalfold.sk-szeged.hu\/index.php?rest_route=\/wp\/v2\/users\/2"}],"replies":[{"embeddable":true,"href":"http:\/\/olvasodelalfold.sk-szeged.hu\/index.php?rest_route=%2Fwp%2Fv2%2Fcomments&post=1547"}],"version-history":[{"count":3,"href":"http:\/\/olvasodelalfold.sk-szeged.hu\/index.php?rest_route=\/wp\/v2\/posts\/1547\/revisions"}],"predecessor-version":[{"id":1549,"href":"http:\/\/olvasodelalfold.sk-szeged.hu\/index.php?rest_route=\/wp\/v2\/posts\/1547\/revisions\/1549"}],"wp:attachment":[{"href":"http:\/\/olvasodelalfold.sk-szeged.hu\/index.php?rest_route=%2Fwp%2Fv2%2Fmedia&parent=1547"}],"wp:term":[{"taxonomy":"category","embeddable":true,"href":"http:\/\/olvasodelalfold.sk-szeged.hu\/index.php?rest_route=%2Fwp%2Fv2%2Fcategories&post=1547"},{"taxonomy":"post_tag","embeddable":true,"href":"http:\/\/olvasodelalfold.sk-szeged.hu\/index.php?rest_route=%2Fwp%2Fv2%2Ftags&post=1547"}],"curies":[{"name":"wp","href":"https:\/\/api.w.org\/{rel}","templated":true}]}}