{"id":1543,"date":"2013-05-04T15:02:28","date_gmt":"2013-05-04T13:02:28","guid":{"rendered":"http:\/\/olvasodelalfold.sk-szeged.hu\/?p=1543"},"modified":"2013-05-05T15:11:00","modified_gmt":"2013-05-05T13:11:00","slug":"kirandulas-a-gyulai-varba","status":"publish","type":"post","link":"http:\/\/olvasodelalfold.sk-szeged.hu\/?p=1543","title":{"rendered":"Kir\u00e1ndul\u00e1s a gyulai v\u00e1rba"},"content":{"rendered":"<p><strong><\/strong><a href=\"http:\/\/olvasodelalfold.sk-szeged.hu\/wp-content\/uploads\/2013\/05\/gyulai_var.jpg\"><img loading=\"lazy\" decoding=\"async\" class=\"alignleft size-full wp-image-1544\" alt=\"gyulai_var\" src=\"http:\/\/olvasodelalfold.sk-szeged.hu\/wp-content\/uploads\/2013\/05\/gyulai_var.jpg\" width=\"275\" height=\"183\" \/><\/a><br \/>\n<strong>V\u00e1rak a sz\u00e9pirodalomban<\/strong> 5.<\/p>\n<p><strong>A Gyulai v\u00e1r \u00e9p\u00fclete<\/strong><br \/>\nA bels\u0151 v\u00e1r k\u00f6r\u00e9 \u00e9p\u00edtett v\u00e9dm\u0171k\u00e9nt az \u00fagynevezett der\u00e9kv\u00e1r szolg\u00e1lt, melynek ma l\u00e1that\u00f3 maradv\u00e1nya a rondella. A g\u00f3tikus v\u00e1r\u00e9p\u00fclethez tartozik m\u00e9g egy k\u00e1polna \u00e9s v\u00e1rf\u00fcrd\u0151 is.<\/p>\n<p>A der\u00e9kv\u00e1r mellett \u00e1llt a lovas katon\u00e1k elsz\u00e1ll\u00e1sol\u00e1s\u00e1ra a t\u00e1gas husz\u00e1rv\u00e1r. A husz\u00e1rtorony ma a kast\u00e9ly \u00e9szaki sz\u00e1rny\u00e1n\u00e1l l\u00e1that\u00f3. A v\u00e1r emelet\u00e9n v\u00e1r\u00farn\u0151i, v\u00e1r\u00fari \u00e9s v\u00e1rnagyi lakoszt\u00e1lyok, hivatali szoba, a Szandzs\u00e1k b\u00e9g fogad\u00f3szob\u00e1ja, fegyvert\u00e1r, alab\u00e1rdos terem \u00e9s lovagterem l\u00e1that\u00f3.<\/p>\n<p>A kast\u00e9ly k\u00f6zel\u00e9ben tal\u00e1lhat\u00f3 forr\u00e1sok t\u00e1pl\u00e1lt\u00e1k a v\u00e1rf\u00fcrd\u0151t, az els\u0151 uszod\u00e1kat az egykori lovard\u00e1ban nyitott\u00e1k meg.<\/p>\n<p>A Gyulai v\u00e1rban ma a V\u00e1rm\u00fazeum m\u0171k\u00f6dik, mely a v\u00e1r k\u00f6z\u00e9pkori vil\u00e1g\u00e1t \u00e9s renesz\u00e1nsz mindennapjait mutatja be 24 ki\u00e1ll\u00edt\u00f3terem seg\u00edts\u00e9g\u00e9vel. (varosom.hu)<\/p>\n<blockquote>\n<ul>\n<li>Arany J\u00e1nos \u00c1ltal\u00e1nos Iskola, Szeged<br \/>\n2013. m\u00e1jus 2.<\/li>\n<li>Jerney J\u00e1nos \u00c1ltal\u00e1nos Iskola, Szeged<br \/>\n2013. m\u00e1jus 9..<\/li>\n<\/ul>\n<\/blockquote>\n<h3>Kapcsol\u00f3d\u00f3 k\u00e9pek:<\/h3>","protected":false},"excerpt":{"rendered":"<p>V\u00e1rak a sz\u00e9pirodalomban 5. A Gyulai v\u00e1r \u00e9p\u00fclete A bels\u0151 v\u00e1r k\u00f6r\u00e9 \u00e9p\u00edtett v\u00e9dm\u0171k\u00e9nt az \u00fagynevezett der\u00e9kv\u00e1r szolg\u00e1lt, melynek ma l\u00e1that\u00f3 maradv\u00e1nya a rondella. A g\u00f3tikus v\u00e1r\u00e9p\u00fclethez tartozik m\u00e9g egy k\u00e1polna \u00e9s v\u00e1rf\u00fcrd\u0151 is. A der\u00e9kv\u00e1r mellett \u00e1llt a lovas &hellip; <a href=\"http:\/\/olvasodelalfold.sk-szeged.hu\/?p=1543\">Folytat\u00e1s <span class=\"meta-nav\">&rarr;<\/span><\/a><\/p>\n","protected":false},"author":2,"featured_media":0,"comment_status":"closed","ping_status":"open","sticky":false,"template":"","format":"standard","meta":{"ngg_post_thumbnail":0,"footnotes":""},"categories":[46,37],"tags":[],"class_list":["post-1543","post","type-post","status-publish","format-standard","hentry","category-szeged","category-varak-a-szepirodalomban"],"_links":{"self":[{"href":"http:\/\/olvasodelalfold.sk-szeged.hu\/index.php?rest_route=\/wp\/v2\/posts\/1543","targetHints":{"allow":["GET"]}}],"collection":[{"href":"http:\/\/olvasodelalfold.sk-szeged.hu\/index.php?rest_route=\/wp\/v2\/posts"}],"about":[{"href":"http:\/\/olvasodelalfold.sk-szeged.hu\/index.php?rest_route=\/wp\/v2\/types\/post"}],"author":[{"embeddable":true,"href":"http:\/\/olvasodelalfold.sk-szeged.hu\/index.php?rest_route=\/wp\/v2\/users\/2"}],"replies":[{"embeddable":true,"href":"http:\/\/olvasodelalfold.sk-szeged.hu\/index.php?rest_route=%2Fwp%2Fv2%2Fcomments&post=1543"}],"version-history":[{"count":2,"href":"http:\/\/olvasodelalfold.sk-szeged.hu\/index.php?rest_route=\/wp\/v2\/posts\/1543\/revisions"}],"predecessor-version":[{"id":1546,"href":"http:\/\/olvasodelalfold.sk-szeged.hu\/index.php?rest_route=\/wp\/v2\/posts\/1543\/revisions\/1546"}],"wp:attachment":[{"href":"http:\/\/olvasodelalfold.sk-szeged.hu\/index.php?rest_route=%2Fwp%2Fv2%2Fmedia&parent=1543"}],"wp:term":[{"taxonomy":"category","embeddable":true,"href":"http:\/\/olvasodelalfold.sk-szeged.hu\/index.php?rest_route=%2Fwp%2Fv2%2Fcategories&post=1543"},{"taxonomy":"post_tag","embeddable":true,"href":"http:\/\/olvasodelalfold.sk-szeged.hu\/index.php?rest_route=%2Fwp%2Fv2%2Ftags&post=1543"}],"curies":[{"name":"wp","href":"https:\/\/api.w.org\/{rel}","templated":true}]}}