{"id":1539,"date":"2013-05-05T14:55:01","date_gmt":"2013-05-05T12:55:01","guid":{"rendered":"http:\/\/olvasodelalfold.sk-szeged.hu\/?p=1539"},"modified":"2013-05-05T14:55:01","modified_gmt":"2013-05-05T12:55:01","slug":"hetmerfoldes-leptek","status":"publish","type":"post","link":"http:\/\/olvasodelalfold.sk-szeged.hu\/?p=1539","title":{"rendered":"H\u00e9tm\u00e9rf\u00f6ldes l\u00e9ptek"},"content":{"rendered":"<p><a href=\"http:\/\/olvasodelalfold.sk-szeged.hu\/wp-content\/uploads\/2013\/05\/hetmerfoldes.jpg\"><img loading=\"lazy\" decoding=\"async\" class=\"alignleft  wp-image-1540\" alt=\"hetmerfoldes\" src=\"http:\/\/olvasodelalfold.sk-szeged.hu\/wp-content\/uploads\/2013\/05\/hetmerfoldes.jpg\" width=\"206\" height=\"221\" srcset=\"http:\/\/olvasodelalfold.sk-szeged.hu\/wp-content\/uploads\/2013\/05\/hetmerfoldes.jpg 300w, http:\/\/olvasodelalfold.sk-szeged.hu\/wp-content\/uploads\/2013\/05\/hetmerfoldes-278x300.jpg 278w\" sizes=\"auto, (max-width: 206px) 100vw, 206px\" \/><\/a>\u00a0<strong><br \/>\n<\/strong>Az <strong>Olvasni j\u00f3!<\/strong> programsorozat 5. foglalkoz\u00e1sa<\/p>\n<p>El\u0151ad\u00f3: R\u00f3zsa Vinc\u00e9n\u00e9<\/p>\n<p><strong>A h\u00e9tm\u00e9rf\u00f6ldes csizma<\/strong> (Charles Perrault)<\/p>\n<p>Albert csak akkor volt el\u00e9gedett, ha mindenbe bele\u00fcthette az orr\u00e1t, de nem annyira k\u00edv\u00e1ncsis\u00e1gb\u00f3l, mint ink\u00e1bb az\u00e9rt, mert mindent meg akart ismerni a vil\u00e1gban. Sajnos, nagyon gyakran bajba ke\u00adr\u00fclt, egyszer p\u00e9ld\u00e1ul elt\u00e9vedt az erd\u0151ben, \u00e9s \u00e9ppen annak az \u00f3ri\u00e1s\u00adnak a h\u00e1z\u00e1ban k\u00f6t\u00f6tt ki, aki regge\u00adlire \u00e9s eb\u00e9dre gyerekeket szokott enni.<br \/>\nAz \u00f3ri\u00e1s r\u00f6gt\u00f6n meg\u00e9rezte, hogy valaki van az otthon\u00e1ban, \u00e9s a szo\u00adkott m\u00f3don elrikkantotta mag\u00e1t:<br \/>\n&#8211; Ember&#8230; ember&#8230; emberszagot \u00e9rzek! &#8211; Albert azonban f\u00fcrge volt, \u00e9s megsz\u00f6k\u00f6tt.<br \/>\n&#8211; Asszony, ide gyorsan a h\u00e9tm\u00e9r\u00adf\u00f6ldes csizm\u00e1mat! &#8211; kiab\u00e1lta az \u00f3ri\u00e1s a feles\u00e9g\u00e9nek. &#8211; Ut\u00e1na megyek! Minden l\u00e9p\u00e9s\u00e9vel hegyeket ugrott \u00e1t, foly\u00f3kon l\u00e9pett kereszt\u00fcl, \u00e1m Albert nem mozdult a rejtekhely\u00e9\u00adr\u0151l, eg\u00e9szen addig, am\u00edg az \u00f3ri\u00e1s el nem f\u00e1radt, \u00e9s el nem aludt. Akkor leh\u00fazta az \u00f3ri\u00e1s csizm\u00e1j\u00e1t, felvette, \u00e9s mivel az var\u00e1zscsizma volt, \u00e9s \u00f6sszement, teh\u00e1t t\u00f6k\u00e9letesen illett a fi\u00fa l\u00e1b\u00e1ra, \u00edgy Albert minden l\u00e9p\u00e9s\u00e9vel h\u00e9t m\u00e9rf\u00f6ldet tett meg, \u00e9s nemcsak hogy megmenek\u00fclt, hanem a kir\u00e1ly els\u0151 sz\u00e1m\u00fa fut\u00e1ra lett.<\/p>\n<blockquote>\n<ul>\n<li>\u00c1ltal\u00e1nos Iskola, Csengele<br \/>\n2013. m\u00e1jus 6.<\/li>\n<li>Csizmazia Gy\u00f6rgy \u00c1ltal\u00e1nos Iskola, Pusztaszer<br \/>\n2013. m\u00e1jus 13.<\/li>\n<\/ul>\n<\/blockquote>\n<h3>Kapcsol\u00f3d\u00f3 k\u00e9pek:<\/h3>","protected":false},"excerpt":{"rendered":"<p>\u00a0 Az Olvasni j\u00f3! programsorozat 5. foglalkoz\u00e1sa El\u0151ad\u00f3: R\u00f3zsa Vinc\u00e9n\u00e9 A h\u00e9tm\u00e9rf\u00f6ldes csizma (Charles Perrault) Albert csak akkor volt el\u00e9gedett, ha mindenbe bele\u00fcthette az orr\u00e1t, de nem annyira k\u00edv\u00e1ncsis\u00e1gb\u00f3l, mint ink\u00e1bb az\u00e9rt, mert mindent meg akart ismerni a vil\u00e1gban. Sajnos, &hellip; <a href=\"http:\/\/olvasodelalfold.sk-szeged.hu\/?p=1539\">Folytat\u00e1s <span class=\"meta-nav\">&rarr;<\/span><\/a><\/p>\n","protected":false},"author":2,"featured_media":0,"comment_status":"closed","ping_status":"open","sticky":false,"template":"","format":"standard","meta":{"ngg_post_thumbnail":0,"footnotes":""},"categories":[44,35,45,79],"tags":[],"class_list":["post-1539","post","type-post","status-publish","format-standard","hentry","category-csengele","category-olvasni-jo","category-pusztaszer","category-rozsa-vincene"],"_links":{"self":[{"href":"http:\/\/olvasodelalfold.sk-szeged.hu\/index.php?rest_route=\/wp\/v2\/posts\/1539","targetHints":{"allow":["GET"]}}],"collection":[{"href":"http:\/\/olvasodelalfold.sk-szeged.hu\/index.php?rest_route=\/wp\/v2\/posts"}],"about":[{"href":"http:\/\/olvasodelalfold.sk-szeged.hu\/index.php?rest_route=\/wp\/v2\/types\/post"}],"author":[{"embeddable":true,"href":"http:\/\/olvasodelalfold.sk-szeged.hu\/index.php?rest_route=\/wp\/v2\/users\/2"}],"replies":[{"embeddable":true,"href":"http:\/\/olvasodelalfold.sk-szeged.hu\/index.php?rest_route=%2Fwp%2Fv2%2Fcomments&post=1539"}],"version-history":[{"count":2,"href":"http:\/\/olvasodelalfold.sk-szeged.hu\/index.php?rest_route=\/wp\/v2\/posts\/1539\/revisions"}],"predecessor-version":[{"id":1542,"href":"http:\/\/olvasodelalfold.sk-szeged.hu\/index.php?rest_route=\/wp\/v2\/posts\/1539\/revisions\/1542"}],"wp:attachment":[{"href":"http:\/\/olvasodelalfold.sk-szeged.hu\/index.php?rest_route=%2Fwp%2Fv2%2Fmedia&parent=1539"}],"wp:term":[{"taxonomy":"category","embeddable":true,"href":"http:\/\/olvasodelalfold.sk-szeged.hu\/index.php?rest_route=%2Fwp%2Fv2%2Fcategories&post=1539"},{"taxonomy":"post_tag","embeddable":true,"href":"http:\/\/olvasodelalfold.sk-szeged.hu\/index.php?rest_route=%2Fwp%2Fv2%2Ftags&post=1539"}],"curies":[{"name":"wp","href":"https:\/\/api.w.org\/{rel}","templated":true}]}}