{"id":1475,"date":"2013-04-22T21:55:19","date_gmt":"2013-04-22T19:55:19","guid":{"rendered":"http:\/\/olvasodelalfold.sk-szeged.hu\/?p=1475"},"modified":"2013-04-23T17:23:49","modified_gmt":"2013-04-23T15:23:49","slug":"probatetel-varjatekok","status":"publish","type":"post","link":"http:\/\/olvasodelalfold.sk-szeged.hu\/?p=1475","title":{"rendered":"Pr\u00f3bat\u00e9tel: v\u00e1rj\u00e1t\u00e9kok"},"content":{"rendered":"<p><strong><\/strong><a href=\"http:\/\/olvasodelalfold.sk-szeged.hu\/wp-content\/uploads\/2013\/04\/varjatekok.jpg\"><img loading=\"lazy\" decoding=\"async\" class=\"alignleft  wp-image-1477\" alt=\"varjatekok\" src=\"http:\/\/olvasodelalfold.sk-szeged.hu\/wp-content\/uploads\/2013\/04\/varjatekok.jpg\" width=\"317\" height=\"190\" srcset=\"http:\/\/olvasodelalfold.sk-szeged.hu\/wp-content\/uploads\/2013\/04\/varjatekok.jpg 440w, http:\/\/olvasodelalfold.sk-szeged.hu\/wp-content\/uploads\/2013\/04\/varjatekok-300x180.jpg 300w\" sizes=\"auto, (max-width: 317px) 100vw, 317px\" \/><\/a><br \/>\n<strong>V\u00e1rak a sz\u00e9pirodalomban<\/strong> 4.<\/p>\n<p>A gyerekek j\u00e1t\u00e9kos vet\u00e9lked\u0151 form\u00e1j\u00e1ban mutathatj\u00e1k meg, mi mindent tudnak, tanultak a v\u00e1rakr\u00f3l.<\/p>\n<p>A gyermekk\u00f6nyvt\u00e1rosok \u00e1ltal \u00f6ssze\u00e1ll\u00edtott pr\u00f3bat\u00e9tel a kor\u00e1bbi el\u0151ad\u00e1sokon elhangzottakra, illetve az al\u00e1bbi k\u00f6nyvekb\u0151l v\u00e1logatott r\u00e9szletekre \u00e9p\u00fcl:<\/p>\n<p>Hunyady J\u00f3zsef: Az \u00e9gig \u00e9r\u0151 v\u00e1r<br \/>\nK\u0151ris Emil: A katedr\u00e1lis<br \/>\nFekete Istv\u00e1n: A kopp\u00e1nyi aga testamentuma<br \/>\n\u00d6rsi Ferenc: A Tenkes kapit\u00e1nya<br \/>\nKr\u00fady Gyula: A kom\u00e1romi fi\u00fa<\/p>\n<blockquote>\n<ul>\n<li>Jerney J\u00e1nos \u00c1ltal\u00e1nos Iskola, Szeged<br \/>\n2013. \u00e1prilis 23.<\/li>\n<li>Arany J\u00e1nos \u00c1ltal\u00e1nos Iskola, Szeged<br \/>\n2013. \u00e1prilis 22.<\/li>\n<\/ul>\n<\/blockquote>\n<h3>Kapcsol\u00f3d\u00f3 k\u00e9pek:<\/h3>","protected":false},"excerpt":{"rendered":"<p>V\u00e1rak a sz\u00e9pirodalomban 4. A gyerekek j\u00e1t\u00e9kos vet\u00e9lked\u0151 form\u00e1j\u00e1ban mutathatj\u00e1k meg, mi mindent tudnak, tanultak a v\u00e1rakr\u00f3l. A gyermekk\u00f6nyvt\u00e1rosok \u00e1ltal \u00f6ssze\u00e1ll\u00edtott pr\u00f3bat\u00e9tel a kor\u00e1bbi el\u0151ad\u00e1sokon elhangzottakra, illetve az al\u00e1bbi k\u00f6nyvekb\u0151l v\u00e1logatott r\u00e9szletekre \u00e9p\u00fcl: Hunyady J\u00f3zsef: Az \u00e9gig \u00e9r\u0151 v\u00e1r K\u0151ris &hellip; <a href=\"http:\/\/olvasodelalfold.sk-szeged.hu\/?p=1475\">Folytat\u00e1s <span class=\"meta-nav\">&rarr;<\/span><\/a><\/p>\n","protected":false},"author":2,"featured_media":0,"comment_status":"closed","ping_status":"open","sticky":false,"template":"","format":"standard","meta":{"ngg_post_thumbnail":0,"footnotes":""},"categories":[46,37],"tags":[],"class_list":["post-1475","post","type-post","status-publish","format-standard","hentry","category-szeged","category-varak-a-szepirodalomban"],"_links":{"self":[{"href":"http:\/\/olvasodelalfold.sk-szeged.hu\/index.php?rest_route=\/wp\/v2\/posts\/1475","targetHints":{"allow":["GET"]}}],"collection":[{"href":"http:\/\/olvasodelalfold.sk-szeged.hu\/index.php?rest_route=\/wp\/v2\/posts"}],"about":[{"href":"http:\/\/olvasodelalfold.sk-szeged.hu\/index.php?rest_route=\/wp\/v2\/types\/post"}],"author":[{"embeddable":true,"href":"http:\/\/olvasodelalfold.sk-szeged.hu\/index.php?rest_route=\/wp\/v2\/users\/2"}],"replies":[{"embeddable":true,"href":"http:\/\/olvasodelalfold.sk-szeged.hu\/index.php?rest_route=%2Fwp%2Fv2%2Fcomments&post=1475"}],"version-history":[{"count":3,"href":"http:\/\/olvasodelalfold.sk-szeged.hu\/index.php?rest_route=\/wp\/v2\/posts\/1475\/revisions"}],"predecessor-version":[{"id":1479,"href":"http:\/\/olvasodelalfold.sk-szeged.hu\/index.php?rest_route=\/wp\/v2\/posts\/1475\/revisions\/1479"}],"wp:attachment":[{"href":"http:\/\/olvasodelalfold.sk-szeged.hu\/index.php?rest_route=%2Fwp%2Fv2%2Fmedia&parent=1475"}],"wp:term":[{"taxonomy":"category","embeddable":true,"href":"http:\/\/olvasodelalfold.sk-szeged.hu\/index.php?rest_route=%2Fwp%2Fv2%2Fcategories&post=1475"},{"taxonomy":"post_tag","embeddable":true,"href":"http:\/\/olvasodelalfold.sk-szeged.hu\/index.php?rest_route=%2Fwp%2Fv2%2Ftags&post=1475"}],"curies":[{"name":"wp","href":"https:\/\/api.w.org\/{rel}","templated":true}]}}