{"id":1452,"date":"2013-04-15T18:00:52","date_gmt":"2013-04-15T16:00:52","guid":{"rendered":"http:\/\/olvasodelalfold.sk-szeged.hu\/?p=1452"},"modified":"2013-04-15T18:01:21","modified_gmt":"2013-04-15T16:01:21","slug":"az-anyegin-tema-irodalomban-filmen-es-zeneben","status":"publish","type":"post","link":"http:\/\/olvasodelalfold.sk-szeged.hu\/?p=1452","title":{"rendered":"Az Anyegin-t\u00e9ma irodalomban, filmen \u00e9s zen\u00e9ben"},"content":{"rendered":"<p><a href=\"http:\/\/olvasodelalfold.sk-szeged.hu\/wp-content\/uploads\/2013\/04\/puskin.jpg\"><img loading=\"lazy\" decoding=\"async\" class=\"alignleft  wp-image-1453\" alt=\"puskin\" src=\"http:\/\/olvasodelalfold.sk-szeged.hu\/wp-content\/uploads\/2013\/04\/puskin.jpg\" width=\"182\" height=\"222\" \/><\/a><strong><br \/>\n<\/strong>Az <strong>Irodalom, film, zene<\/strong> programsorozat 5. tal\u00e1lkoz\u00f3ja<\/p>\n<p>Az utols\u00f3 foglalkoz\u00e1s keret\u00e9ben a h\u00e1rom m\u0171v\u00e9szeti \u00e1gban p\u00e1rhuzamosan kutatjuk, hogy Puskin \u00e9s a t\u00e1rsm\u0171v\u00e9szetek alkot\u00f3i \u2013 ki-ki a maga m\u0171v\u00e9szeti \u00e1g\u00e1ban \u2013 milyen eszk\u00f6z\u00f6kkel \u00e9lnek az alakok megform\u00e1l\u00e1sakor, illetve a szerepl\u0151k kapcsolatrendszer\u00e9nek t\u00f6bboldal\u00fa bemutat\u00e1sakor.<\/p>\n<p>A Puskin-m\u0171 szemelv\u00e9nyeinek elolvas\u00e1sa mellett a foglalkoz\u00e1s sor\u00e1n Csajkovszkij oper\u00e1j\u00e1b\u00f3l \u00e9s Martha Fiennes 1999-ben k\u00e9sz\u00fclt filmj\u00e9b\u0151l hallhatnak\/l\u00e1thatnak r\u00e9szleteket a di\u00e1kok.<\/p>\n<p>A sorozat z\u00e1r\u00e1sak\u00e9nt sor ker\u00fcl az \u00f6t foglalkoz\u00e1s sor\u00e1n sz\u00fcletett<br \/>\ntapasztalatok, a t\u00e9m\u00e1val kapcsolatos reflexi\u00f3k megbesz\u00e9l\u00e9s\u00e9re.<\/p>\n<p>El\u0151ad\u00f3k: Juh\u00e1sz Orsolya, \u00dajv\u00e1rin\u00e9 Ill\u00e9s M\u00e1ria<\/p>\n<blockquote>\n<ul>\n<li>\u00c1rp\u00e1d Fejedelem Gimn\u00e1zium, Kistelek<br \/>\n2013. \u00e1prilis 4.<\/li>\n<\/ul>\n<\/blockquote>\n<h3>Kapcsol\u00f3d\u00f3 k\u00e9pek:<\/h3>","protected":false},"excerpt":{"rendered":"<p>Az Irodalom, film, zene programsorozat 5. tal\u00e1lkoz\u00f3ja Az utols\u00f3 foglalkoz\u00e1s keret\u00e9ben a h\u00e1rom m\u0171v\u00e9szeti \u00e1gban p\u00e1rhuzamosan kutatjuk, hogy Puskin \u00e9s a t\u00e1rsm\u0171v\u00e9szetek alkot\u00f3i \u2013 ki-ki a maga m\u0171v\u00e9szeti \u00e1g\u00e1ban \u2013 milyen eszk\u00f6z\u00f6kkel \u00e9lnek az alakok megform\u00e1l\u00e1sakor, illetve a szerepl\u0151k kapcsolatrendszer\u00e9nek &hellip; <a href=\"http:\/\/olvasodelalfold.sk-szeged.hu\/?p=1452\">Folytat\u00e1s <span class=\"meta-nav\">&rarr;<\/span><\/a><\/p>\n","protected":false},"author":2,"featured_media":0,"comment_status":"closed","ping_status":"open","sticky":false,"template":"","format":"standard","meta":{"ngg_post_thumbnail":0,"footnotes":""},"categories":[78,43,110],"tags":[133],"class_list":["post-1452","post","type-post","status-publish","format-standard","hentry","category-juhasz-orsolya","category-kistelek","category-ujvarine-illes-maria","tag-alekszandr-puskin"],"_links":{"self":[{"href":"http:\/\/olvasodelalfold.sk-szeged.hu\/index.php?rest_route=\/wp\/v2\/posts\/1452","targetHints":{"allow":["GET"]}}],"collection":[{"href":"http:\/\/olvasodelalfold.sk-szeged.hu\/index.php?rest_route=\/wp\/v2\/posts"}],"about":[{"href":"http:\/\/olvasodelalfold.sk-szeged.hu\/index.php?rest_route=\/wp\/v2\/types\/post"}],"author":[{"embeddable":true,"href":"http:\/\/olvasodelalfold.sk-szeged.hu\/index.php?rest_route=\/wp\/v2\/users\/2"}],"replies":[{"embeddable":true,"href":"http:\/\/olvasodelalfold.sk-szeged.hu\/index.php?rest_route=%2Fwp%2Fv2%2Fcomments&post=1452"}],"version-history":[{"count":2,"href":"http:\/\/olvasodelalfold.sk-szeged.hu\/index.php?rest_route=\/wp\/v2\/posts\/1452\/revisions"}],"predecessor-version":[{"id":1455,"href":"http:\/\/olvasodelalfold.sk-szeged.hu\/index.php?rest_route=\/wp\/v2\/posts\/1452\/revisions\/1455"}],"wp:attachment":[{"href":"http:\/\/olvasodelalfold.sk-szeged.hu\/index.php?rest_route=%2Fwp%2Fv2%2Fmedia&parent=1452"}],"wp:term":[{"taxonomy":"category","embeddable":true,"href":"http:\/\/olvasodelalfold.sk-szeged.hu\/index.php?rest_route=%2Fwp%2Fv2%2Fcategories&post=1452"},{"taxonomy":"post_tag","embeddable":true,"href":"http:\/\/olvasodelalfold.sk-szeged.hu\/index.php?rest_route=%2Fwp%2Fv2%2Ftags&post=1452"}],"curies":[{"name":"wp","href":"https:\/\/api.w.org\/{rel}","templated":true}]}}