{"id":1430,"date":"2013-04-11T12:30:42","date_gmt":"2013-04-11T10:30:42","guid":{"rendered":"http:\/\/olvasodelalfold.sk-szeged.hu\/?p=1430"},"modified":"2013-04-12T17:27:00","modified_gmt":"2013-04-12T15:27:00","slug":"1430","status":"publish","type":"post","link":"http:\/\/olvasodelalfold.sk-szeged.hu\/?p=1430","title":{"rendered":"&#8222;Hogy \u00e1llunk?!&#8221;"},"content":{"rendered":"<p><a href=\"http:\/\/olvasodelalfold.sk-szeged.hu\/wp-content\/uploads\/2013\/04\/konyvek_macska.jpg\"><img loading=\"lazy\" decoding=\"async\" class=\"alignleft  wp-image-1431\" alt=\"konyvek_macska\" src=\"http:\/\/olvasodelalfold.sk-szeged.hu\/wp-content\/uploads\/2013\/04\/konyvek_macska.jpg\" width=\"240\" height=\"351\" srcset=\"http:\/\/olvasodelalfold.sk-szeged.hu\/wp-content\/uploads\/2013\/04\/konyvek_macska.jpg 300w, http:\/\/olvasodelalfold.sk-szeged.hu\/wp-content\/uploads\/2013\/04\/konyvek_macska-205x300.jpg 205w\" sizes=\"auto, (max-width: 240px) 100vw, 240px\" \/><\/a><br \/>\nAz el\u0151z\u0151 h\u00edrad\u00e1s \u00f3ta h\u00e1rom h\u00e9t telt el \u00e9s a be\u00e9rkezett online megfejt\u00e9sek sz\u00e1ma csaknem megdupl\u00e1z\u00f3dott: perceken bel\u00fcl el\u00e9ri a hatezret! Egyre t\u00f6bben \u00e9s egyre nagyobb lelkesed\u00e9ssel kapcsol\u00f3dnak be a j\u00e1t\u00e9kba.<\/p>\n<p>L\u00e1ssuk ism\u00e9t \u2013 \u00edgy f\u00e9lid\u0151h\u00f6z k\u00f6zeledve \u2013 azokat a\u00a0 telep\u00fcl\u00e9seket, ahonnan a legt\u00f6bb helyes megfejt\u00e9s \u00e9rkezett eddig elektronikus \u00faton: \u00dcll\u00e9s, B\u00e9k\u00e9s, Szarvas, Csongr\u00e1d, Szeged, Kiskunmajsa, H\u00f3dmez\u0151v\u00e1s\u00e1rhely, D\u00e9vav\u00e1nya, Mak\u00f3, Mez\u0151kov\u00e1csh\u00e1za. \u00dagy t\u0171nik, t\u00f6bben tartj\u00e1k hely\u00fcket az \u00e9lbolyban, \u00e1m n\u00e9h\u00e1nyan az elm\u00falt h\u00e1rom h\u00e9tben &#8222;olvast\u00e1k be&#8221; magukat a legjobbak k\u00f6z\u00e9.<\/p>\n<p>Ne feledj\u00fck azonban, hogy a v\u00e9gs\u0151 eredm\u00e9ny a telep\u00fcl\u00e9sek l\u00e9leksz\u00e1m\u00e1nak ar\u00e1ny\u00e1ban ker\u00fcl majd kisz\u00e1m\u00edt\u00e1sra! K\u00f6nnyen lehet, hogy nem az itt felsorolt telep\u00fcl\u00e9sek k\u00f6z\u00fcl ker\u00fclnek ki a gy\u0151ztesek&#8230;<\/p>\n<p>Ami a megy\u00e9k sorrendj\u00e9t illeti, egyel\u0151re B\u00e9k\u00e9s \u00e9s Csongr\u00e1d megy\u00e9b\u0151l kapcsol\u00f3dtak be t\u00f6bben a j\u00e1t\u00e9kba, B\u00e1cs-Kiskun olvas\u00f3i bizony\u00e1ra a m\u00e1sodik szakaszban er\u0151s\u00edtenek majd bele.<\/p>\n<p>Tov\u00e1bbra is igaz: gondolj kedvenc k\u00f6nyvt\u00e1radra \u00e9s olvass min\u00e9l t\u00f6bbet, hogy a Te lak\u00f3helyed legyen<strong> &#8222;a D\u00e9l-Alf\u00f6ld legt\u00f6bbet olvas\u00f3 telep\u00fcl\u00e9se&#8221;<\/strong><\/p>\n<h3>Kapcsol\u00f3d\u00f3 k\u00e9pek:<\/h3>","protected":false},"excerpt":{"rendered":"<p>Az el\u0151z\u0151 h\u00edrad\u00e1s \u00f3ta h\u00e1rom h\u00e9t telt el \u00e9s a be\u00e9rkezett online megfejt\u00e9sek sz\u00e1ma csaknem megdupl\u00e1z\u00f3dott: perceken bel\u00fcl el\u00e9ri a hatezret! Egyre t\u00f6bben \u00e9s egyre nagyobb lelkesed\u00e9ssel kapcsol\u00f3dnak be a j\u00e1t\u00e9kba. L\u00e1ssuk ism\u00e9t \u2013 \u00edgy f\u00e9lid\u0151h\u00f6z k\u00f6zeledve \u2013 azokat a\u00a0 &hellip; <a href=\"http:\/\/olvasodelalfold.sk-szeged.hu\/?p=1430\">Folytat\u00e1s <span class=\"meta-nav\">&rarr;<\/span><\/a><\/p>\n","protected":false},"author":2,"featured_media":0,"comment_status":"closed","ping_status":"open","sticky":false,"template":"","format":"standard","meta":{"ngg_post_thumbnail":0,"footnotes":""},"categories":[127],"tags":[],"class_list":["post-1430","post","type-post","status-publish","format-standard","hentry","category-olvasasi-verseny"],"_links":{"self":[{"href":"http:\/\/olvasodelalfold.sk-szeged.hu\/index.php?rest_route=\/wp\/v2\/posts\/1430","targetHints":{"allow":["GET"]}}],"collection":[{"href":"http:\/\/olvasodelalfold.sk-szeged.hu\/index.php?rest_route=\/wp\/v2\/posts"}],"about":[{"href":"http:\/\/olvasodelalfold.sk-szeged.hu\/index.php?rest_route=\/wp\/v2\/types\/post"}],"author":[{"embeddable":true,"href":"http:\/\/olvasodelalfold.sk-szeged.hu\/index.php?rest_route=\/wp\/v2\/users\/2"}],"replies":[{"embeddable":true,"href":"http:\/\/olvasodelalfold.sk-szeged.hu\/index.php?rest_route=%2Fwp%2Fv2%2Fcomments&post=1430"}],"version-history":[{"count":7,"href":"http:\/\/olvasodelalfold.sk-szeged.hu\/index.php?rest_route=\/wp\/v2\/posts\/1430\/revisions"}],"predecessor-version":[{"id":1435,"href":"http:\/\/olvasodelalfold.sk-szeged.hu\/index.php?rest_route=\/wp\/v2\/posts\/1430\/revisions\/1435"}],"wp:attachment":[{"href":"http:\/\/olvasodelalfold.sk-szeged.hu\/index.php?rest_route=%2Fwp%2Fv2%2Fmedia&parent=1430"}],"wp:term":[{"taxonomy":"category","embeddable":true,"href":"http:\/\/olvasodelalfold.sk-szeged.hu\/index.php?rest_route=%2Fwp%2Fv2%2Fcategories&post=1430"},{"taxonomy":"post_tag","embeddable":true,"href":"http:\/\/olvasodelalfold.sk-szeged.hu\/index.php?rest_route=%2Fwp%2Fv2%2Ftags&post=1430"}],"curies":[{"name":"wp","href":"https:\/\/api.w.org\/{rel}","templated":true}]}}