{"id":1392,"date":"2013-04-10T22:36:10","date_gmt":"2013-04-10T20:36:10","guid":{"rendered":"http:\/\/olvasodelalfold.sk-szeged.hu\/?p=1392"},"modified":"2013-06-13T09:12:02","modified_gmt":"2013-06-13T07:12:02","slug":"osz","status":"publish","type":"post","link":"http:\/\/olvasodelalfold.sk-szeged.hu\/?p=1392","title":{"rendered":"&#8222;&#8230;aranysz\u00ednt sz\u00f3rt v\u00f6lgyre, dombra&#8230;&#8221;"},"content":{"rendered":"<p><strong><\/strong><a href=\"http:\/\/olvasodelalfold.sk-szeged.hu\/wp-content\/uploads\/2013\/04\/suni.jpg\"><img loading=\"lazy\" decoding=\"async\" class=\"alignleft  wp-image-1393\" alt=\"suni\" src=\"http:\/\/olvasodelalfold.sk-szeged.hu\/wp-content\/uploads\/2013\/04\/suni.jpg\" width=\"176\" height=\"195\" srcset=\"http:\/\/olvasodelalfold.sk-szeged.hu\/wp-content\/uploads\/2013\/04\/suni.jpg 373w, http:\/\/olvasodelalfold.sk-szeged.hu\/wp-content\/uploads\/2013\/04\/suni-270x300.jpg 270w\" sizes=\"auto, (max-width: 176px) 100vw, 176px\" \/><\/a><\/p>\n<p>A <strong>N\u00e9gy \u00e9vszak, n\u00e9gy elem<\/strong>\u00a0\u2013 versek, mes\u00e9k nagyothall\u00f3knak programsorozat 4. foglalkoz\u00e1sa<\/p>\n<p>\u00c9vszak: \u0151sz, \u00e9gt\u00e1j: nyugat<\/p>\n<p>&nbsp;<\/p>\n<p>&nbsp;<\/p>\n<p><strong>Galambos Bernadett: Kis falev\u00e9l<\/strong><br \/>\nEgy kis lev\u00e9l elindult,<br \/>\nf\u00f6lkapta a sz\u00e9l.<br \/>\nRep\u00fclt messze, fel az \u00e9gbe<br \/>\nahol sok a f\u00e9ny.<br \/>\n\u0150szi napf\u00e9ny cir\u00f3gatta,<br \/>\nmost m\u00e1r nem is f\u00e9lt,<br \/>\nal\u00e1hullott, megnyugodott,<br \/>\nb\u00f3biskolni t\u00e9rt.<\/p>\n<p>Az \u0151sz az egyik kez\u00e9vel a ny\u00e1rba fog\u00f3dzik, a m\u00e1sikkal a t\u00e9lbe kapaszkodik. Az egyik szeme mosolyog, a m\u00e1sik szeme s\u00edr. Ez\u00fcstbe, aranyba, b\u00edborba \u00f6lt\u00f6ztek a f\u00e1k. De ez a nagy pompa nem tart\u00f3s. Lekopasz\u00edtja a f\u00e1kat egy szell\u0151lebben\u00e9s, \u00e9s a z\u00f6rg\u0151 leveleket szertesz\u00e9t hurcolja. Azokkal k\u00fcldi az \u0151sz az \u00fczenetet embernek, mad\u00e1rnak, mindenf\u00e9le \u00e1llatnak.<br \/>\nAz \u0151szi levelek al\u00e1 a gyermekek saj\u00e1t \u00fczenet\u00fcket, titkukat, k\u00edv\u00e1ns\u00e1gukat rejthett\u00e9k el. Az \u0151szh\u00f6z kapcsol\u00f3d\u00f3 k\u00f6nyvek \u00f6r\u00f6mteli, r\u00e1csod\u00e1lkoz\u00f3 n\u00e9zeget\u00e9se ez alkalommal sem maradhatott el.<\/p>\n<p>El\u0151ad\u00f3: <strong>T\u00f3th Andi<\/strong> b\u00e1bj\u00e1t\u00e9kos<\/p>\n<blockquote>\n<ul>\n<li>Kl\u00fag P\u00e9ter \u00d3voda, \u00c1ltal\u00e1nos Iskola, Szeged<br \/>\n2013. \u00e1prilis 9.<\/li>\n<\/ul>\n<\/blockquote>\n<h3>Kapcsol\u00f3d\u00f3 k\u00e9pek:<\/h3>","protected":false},"excerpt":{"rendered":"<p>A N\u00e9gy \u00e9vszak, n\u00e9gy elem\u00a0\u2013 versek, mes\u00e9k nagyothall\u00f3knak programsorozat 4. foglalkoz\u00e1sa \u00c9vszak: \u0151sz, \u00e9gt\u00e1j: nyugat &nbsp; &nbsp; Galambos Bernadett: Kis falev\u00e9l Egy kis lev\u00e9l elindult, f\u00f6lkapta a sz\u00e9l. Rep\u00fclt messze, fel az \u00e9gbe ahol sok a f\u00e9ny. \u0150szi napf\u00e9ny cir\u00f3gatta, &hellip; <a href=\"http:\/\/olvasodelalfold.sk-szeged.hu\/?p=1392\">Folytat\u00e1s <span class=\"meta-nav\">&rarr;<\/span><\/a><\/p>\n","protected":false},"author":2,"featured_media":0,"comment_status":"closed","ping_status":"open","sticky":false,"template":"","format":"standard","meta":{"ngg_post_thumbnail":0,"footnotes":""},"categories":[36,46,142],"tags":[],"class_list":["post-1392","post","type-post","status-publish","format-standard","hentry","category-negy-evszak-negy-elem","category-szeged","category-toth-andi"],"_links":{"self":[{"href":"http:\/\/olvasodelalfold.sk-szeged.hu\/index.php?rest_route=\/wp\/v2\/posts\/1392","targetHints":{"allow":["GET"]}}],"collection":[{"href":"http:\/\/olvasodelalfold.sk-szeged.hu\/index.php?rest_route=\/wp\/v2\/posts"}],"about":[{"href":"http:\/\/olvasodelalfold.sk-szeged.hu\/index.php?rest_route=\/wp\/v2\/types\/post"}],"author":[{"embeddable":true,"href":"http:\/\/olvasodelalfold.sk-szeged.hu\/index.php?rest_route=\/wp\/v2\/users\/2"}],"replies":[{"embeddable":true,"href":"http:\/\/olvasodelalfold.sk-szeged.hu\/index.php?rest_route=%2Fwp%2Fv2%2Fcomments&post=1392"}],"version-history":[{"count":17,"href":"http:\/\/olvasodelalfold.sk-szeged.hu\/index.php?rest_route=\/wp\/v2\/posts\/1392\/revisions"}],"predecessor-version":[{"id":1395,"href":"http:\/\/olvasodelalfold.sk-szeged.hu\/index.php?rest_route=\/wp\/v2\/posts\/1392\/revisions\/1395"}],"wp:attachment":[{"href":"http:\/\/olvasodelalfold.sk-szeged.hu\/index.php?rest_route=%2Fwp%2Fv2%2Fmedia&parent=1392"}],"wp:term":[{"taxonomy":"category","embeddable":true,"href":"http:\/\/olvasodelalfold.sk-szeged.hu\/index.php?rest_route=%2Fwp%2Fv2%2Fcategories&post=1392"},{"taxonomy":"post_tag","embeddable":true,"href":"http:\/\/olvasodelalfold.sk-szeged.hu\/index.php?rest_route=%2Fwp%2Fv2%2Ftags&post=1392"}],"curies":[{"name":"wp","href":"https:\/\/api.w.org\/{rel}","templated":true}]}}