{"id":1332,"date":"2013-03-29T15:50:13","date_gmt":"2013-03-29T14:50:13","guid":{"rendered":"http:\/\/olvasodelalfold.sk-szeged.hu\/?p=1332"},"modified":"2013-04-08T23:16:33","modified_gmt":"2013-04-08T21:16:33","slug":"christine-nostlinger-suzi-titkos-naploja-paul-titkos-naploja","status":"publish","type":"post","link":"http:\/\/olvasodelalfold.sk-szeged.hu\/?p=1332","title":{"rendered":"Christine N\u00f6stlinger: Suzi titkos napl\u00f3ja \/ Paul titkos napl\u00f3ja"},"content":{"rendered":"<p><a href=\"http:\/\/olvasodelalfold.sk-szeged.hu\/wp-content\/uploads\/2013\/03\/suzi_titkos_naploja.jpg\"><img loading=\"lazy\" decoding=\"async\" class=\"alignleft  wp-image-1333\" alt=\"suzi_titkos_naploja\" src=\"http:\/\/olvasodelalfold.sk-szeged.hu\/wp-content\/uploads\/2013\/03\/suzi_titkos_naploja.jpg\" width=\"216\" height=\"344\" srcset=\"http:\/\/olvasodelalfold.sk-szeged.hu\/wp-content\/uploads\/2013\/03\/suzi_titkos_naploja.jpg 300w, http:\/\/olvasodelalfold.sk-szeged.hu\/wp-content\/uploads\/2013\/03\/suzi_titkos_naploja-188x300.jpg 188w\" sizes=\"auto, (max-width: 216px) 100vw, 216px\" \/><\/a><\/p>\n<p>A <strong>M\u00e9g hogy mi nem olvasunk! <\/strong>6. oszt\u00e1lyosoknak sz\u00f3l\u00f3 programsorozat 4. foglalkoz\u00e1sa<\/p>\n<p>Christene N\u00f6stlinger osztr\u00e1k \u00edr\u00f3n\u0151 kiskamaszokhoz sz\u00f3l\u00f3 reg\u00e9nyei a koroszt\u00e1ly mai probl\u00e9m\u00e1ir\u00f3l sz\u00f3lnak, olyanokr\u00f3l, mint a bar\u00e1ts\u00e1g, a kamaszszerelem, a kamaszok elmag\u00e1nyosod\u00e1sa a rohan\u00f3 vil\u00e1gban, a csonka csal\u00e1dban val\u00f3 l\u00e9tez\u00e9s, a feln\u0151ttek, k\u00f6zt\u00fck a sz\u00fcl\u0151k \u00e9let- \u00e9s gondolkod\u00e1sm\u00f3dj\u00e1nak kritik\u00e1ja.<\/p>\n<p>A foglalkoz\u00e1s r\u00e9sztvev\u0151i megismerkednek a napjainkban egyre n\u00e9pszer\u0171bb napl\u00f3reg\u00e9ny jellemz\u0151ivel \u2013 s\u0151t, maguk is megpr\u00f3b\u00e1lkozhatnak a napl\u00f3\u00edr\u00e1ssal.<\/p>\n<p>Sz\u00f3 lesz m\u00e9g bar\u00e1ts\u00e1gr\u00f3l \u00e9s elszigetelts\u00e9gr\u0151l, el\u0151\u00edt\u00e9letekr\u0151l \u00e9s elfogad\u00e1sr\u00f3l, a k\u00fcl\u00f6nb\u00f6z\u0151 kult\u00far\u00e1k tal\u00e1lkoz\u00e1s\u00e1r\u00f3l.<\/p>\n<p>El\u0151ad\u00f3: Juh\u00e1sz Orsolya<\/p>\n<blockquote>\n<ul>\n<li>\u00c1ltal\u00e1nos Iskola, Bal\u00e1stya<br \/>\n2013. \u00e1prilis 4.<\/li>\n<\/ul>\n<\/blockquote>\nngg_shortcode_0_placeholder\n<p>&nbsp;<\/p>\n<h3>Kapcsol\u00f3d\u00f3 k\u00e9pek:<\/h3>","protected":false},"excerpt":{"rendered":"<p>A M\u00e9g hogy mi nem olvasunk! 6. oszt\u00e1lyosoknak sz\u00f3l\u00f3 programsorozat 4. foglalkoz\u00e1sa Christene N\u00f6stlinger osztr\u00e1k \u00edr\u00f3n\u0151 kiskamaszokhoz sz\u00f3l\u00f3 reg\u00e9nyei a koroszt\u00e1ly mai probl\u00e9m\u00e1ir\u00f3l sz\u00f3lnak, olyanokr\u00f3l, mint a bar\u00e1ts\u00e1g, a kamaszszerelem, a kamaszok elmag\u00e1nyosod\u00e1sa a rohan\u00f3 vil\u00e1gban, a csonka csal\u00e1dban val\u00f3 &hellip; <a href=\"http:\/\/olvasodelalfold.sk-szeged.hu\/?p=1332\">Folytat\u00e1s <span class=\"meta-nav\">&rarr;<\/span><\/a><\/p>\n","protected":false},"author":2,"featured_media":0,"comment_status":"closed","ping_status":"open","sticky":false,"template":"","format":"standard","meta":{"ngg_post_thumbnail":0,"footnotes":""},"categories":[27,78,32],"tags":[],"class_list":["post-1332","post","type-post","status-publish","format-standard","hentry","category-balastya","category-juhasz-orsolya","category-meg-hogy-mi-3-4-oszt"],"_links":{"self":[{"href":"http:\/\/olvasodelalfold.sk-szeged.hu\/index.php?rest_route=\/wp\/v2\/posts\/1332","targetHints":{"allow":["GET"]}}],"collection":[{"href":"http:\/\/olvasodelalfold.sk-szeged.hu\/index.php?rest_route=\/wp\/v2\/posts"}],"about":[{"href":"http:\/\/olvasodelalfold.sk-szeged.hu\/index.php?rest_route=\/wp\/v2\/types\/post"}],"author":[{"embeddable":true,"href":"http:\/\/olvasodelalfold.sk-szeged.hu\/index.php?rest_route=\/wp\/v2\/users\/2"}],"replies":[{"embeddable":true,"href":"http:\/\/olvasodelalfold.sk-szeged.hu\/index.php?rest_route=%2Fwp%2Fv2%2Fcomments&post=1332"}],"version-history":[{"count":3,"href":"http:\/\/olvasodelalfold.sk-szeged.hu\/index.php?rest_route=\/wp\/v2\/posts\/1332\/revisions"}],"predecessor-version":[{"id":1335,"href":"http:\/\/olvasodelalfold.sk-szeged.hu\/index.php?rest_route=\/wp\/v2\/posts\/1332\/revisions\/1335"}],"wp:attachment":[{"href":"http:\/\/olvasodelalfold.sk-szeged.hu\/index.php?rest_route=%2Fwp%2Fv2%2Fmedia&parent=1332"}],"wp:term":[{"taxonomy":"category","embeddable":true,"href":"http:\/\/olvasodelalfold.sk-szeged.hu\/index.php?rest_route=%2Fwp%2Fv2%2Fcategories&post=1332"},{"taxonomy":"post_tag","embeddable":true,"href":"http:\/\/olvasodelalfold.sk-szeged.hu\/index.php?rest_route=%2Fwp%2Fv2%2Ftags&post=1332"}],"curies":[{"name":"wp","href":"https:\/\/api.w.org\/{rel}","templated":true}]}}