{"id":103,"date":"2012-11-15T22:26:44","date_gmt":"2012-11-15T21:26:44","guid":{"rendered":"http:\/\/olvasodelalfold.sk-szeged.hu\/?p=103"},"modified":"2013-01-20T18:30:58","modified_gmt":"2013-01-20T17:30:58","slug":"lazar-ervin-mesevilaga","status":"publish","type":"post","link":"http:\/\/olvasodelalfold.sk-szeged.hu\/?p=103","title":{"rendered":"L\u00e1z\u00e1r Ervin mesevil\u00e1ga"},"content":{"rendered":"<p><img loading=\"lazy\" decoding=\"async\" class=\"alignleft size-medium wp-image-181\" title=\"szegeny_dzsoni\" alt=\"\" src=\"http:\/\/olvasodelalfold.sk-szeged.hu\/wp-content\/uploads\/2012\/11\/szegeny_dzsoni1-183x300.jpg\" width=\"171\" height=\"273\" \/><strong><br \/>\n<\/strong><br \/>\n<em>\u201eA kerek t\u00f3 mellett kir\u00e1lyi kast\u00e9ly, harminchat torny\u00fa, h\u00e1romsz\u00e1z ablakos. Ebben a kast\u00e9lyban lakott \u00d6st\u00f6r kir\u00e1ly meg a l\u00e1nya, \u00c1rnika. Nagyon igazs\u00e1gos ember volt \u00d6st\u00f6r kir\u00e1ly. Azt b\u00fcntette, akit kellett, \u00e9s azt jutalmazta, aki meg\u00e9rdemelte. De legeslegvil\u00e1gosabban abb\u00f3l l\u00e1tszik, hogy milyen j\u00f3 kir\u00e1ly volt, hogy d\u00fch\u00f6sen soha nem parancsolt senkinek semmit.\u201d<\/em><\/p>\n<p>A <strong>M\u00e9g hogy mi nem olvasunk! 3-4.<\/strong> oszt\u00e1lyosoknak sz\u00f3l\u00f3 programsorozat 1. tal\u00e1lkoz\u00f3j\u00e1nak t\u00e9m\u00e1ja L\u00e1z\u00e1r Ervin Szeg\u00e9ny Dzsoni \u00e9s \u00c1rnika c\u00edm\u0171 mesereg\u00e9nye.<\/p>\n<blockquote>\n<ul>\n<li>Gregus M\u00e1t\u00e9 Iskola, Sz\u00e9kkutas<br \/>\n2012. november 22.<\/li>\n<\/ul>\n<\/blockquote>\nngg_shortcode_0_placeholder\n<h3>Kapcsol\u00f3d\u00f3 k\u00e9pek:<\/h3>","protected":false},"excerpt":{"rendered":"<p>\u201eA kerek t\u00f3 mellett kir\u00e1lyi kast\u00e9ly, harminchat torny\u00fa, h\u00e1romsz\u00e1z ablakos. Ebben a kast\u00e9lyban lakott \u00d6st\u00f6r kir\u00e1ly meg a l\u00e1nya, \u00c1rnika. Nagyon igazs\u00e1gos ember volt \u00d6st\u00f6r kir\u00e1ly. Azt b\u00fcntette, akit kellett, \u00e9s azt jutalmazta, aki meg\u00e9rdemelte. De legeslegvil\u00e1gosabban abb\u00f3l l\u00e1tszik, hogy &hellip; <a href=\"http:\/\/olvasodelalfold.sk-szeged.hu\/?p=103\">Folytat\u00e1s <span class=\"meta-nav\">&rarr;<\/span><\/a><\/p>\n","protected":false},"author":2,"featured_media":0,"comment_status":"open","ping_status":"open","sticky":false,"template":"","format":"standard","meta":{"ngg_post_thumbnail":0,"footnotes":""},"categories":[78,32,20],"tags":[200],"class_list":["post-103","post","type-post","status-publish","format-standard","hentry","category-juhasz-orsolya","category-meg-hogy-mi-3-4-oszt","category-szekkutas","tag-lazar-ervin"],"_links":{"self":[{"href":"http:\/\/olvasodelalfold.sk-szeged.hu\/index.php?rest_route=\/wp\/v2\/posts\/103","targetHints":{"allow":["GET"]}}],"collection":[{"href":"http:\/\/olvasodelalfold.sk-szeged.hu\/index.php?rest_route=\/wp\/v2\/posts"}],"about":[{"href":"http:\/\/olvasodelalfold.sk-szeged.hu\/index.php?rest_route=\/wp\/v2\/types\/post"}],"author":[{"embeddable":true,"href":"http:\/\/olvasodelalfold.sk-szeged.hu\/index.php?rest_route=\/wp\/v2\/users\/2"}],"replies":[{"embeddable":true,"href":"http:\/\/olvasodelalfold.sk-szeged.hu\/index.php?rest_route=%2Fwp%2Fv2%2Fcomments&post=103"}],"version-history":[{"count":14,"href":"http:\/\/olvasodelalfold.sk-szeged.hu\/index.php?rest_route=\/wp\/v2\/posts\/103\/revisions"}],"predecessor-version":[{"id":106,"href":"http:\/\/olvasodelalfold.sk-szeged.hu\/index.php?rest_route=\/wp\/v2\/posts\/103\/revisions\/106"}],"wp:attachment":[{"href":"http:\/\/olvasodelalfold.sk-szeged.hu\/index.php?rest_route=%2Fwp%2Fv2%2Fmedia&parent=103"}],"wp:term":[{"taxonomy":"category","embeddable":true,"href":"http:\/\/olvasodelalfold.sk-szeged.hu\/index.php?rest_route=%2Fwp%2Fv2%2Fcategories&post=103"},{"taxonomy":"post_tag","embeddable":true,"href":"http:\/\/olvasodelalfold.sk-szeged.hu\/index.php?rest_route=%2Fwp%2Fv2%2Ftags&post=103"}],"curies":[{"name":"wp","href":"https:\/\/api.w.org\/{rel}","templated":true}]}}